{"id":4585,"date":"2016-10-26T19:16:16","date_gmt":"2016-10-26T17:16:16","guid":{"rendered":"http:\/\/www.laage-online.de\/?p=4585"},"modified":"2016-10-26T19:16:16","modified_gmt":"2016-10-26T17:16:16","slug":"ferienfreizeit-der-laager-laufgruppe-kam-gut-an","status":"publish","type":"post","link":"https:\/\/laage-online.de\/?p=4585","title":{"rendered":"Ferienfreizeit der Laager Laufgruppe kam gut an"},"content":{"rendered":"<p>Mit insgesamt 34 M\u00e4dchen und Jungen war die Teilnehmergrenze der diesj\u00e4hrigen Herbst-Ferienfreizeit der Laager Laufgruppe voll ausgereizt. Alle M\u00e4dchen und Jungen waren motiviert und begeisterten die verantwortlichen \u00dcbungsleiter mit ihrer Einsatzbereitschaft und ihren Ehrgeiz. Besonders die &#8222;Biathlonwettk\u00e4mpfe&#8220; in der Sporthalle waren f\u00fcr die 6 bis 15-j\u00e4hrigen ein Riesen-Gaudi. Da wurde um jeden Meter gek\u00e4mpft und alle waren am Ende Sieger. Aber auch Ballspiele, Fitness\u00fcbungen und der Kampf um den Basketball- K\u00f6nig waren echte Highlights. Die Idee und die Umsetzung hatten am Ende der sportlichen Tage ihr Ziel erreicht. Es war gelungen, dem Bewegungsmangel der Kinder entgegen zu treten und Ideen zu pr\u00e4sentieren, um mit \u00fcberschaubarem Aufwand sportlich aktiv zu sein.<br \/>\nDie Mehrzahl unserer Kinder hat ein gutes Gef\u00fchl f\u00fcr ihr pers\u00f6nliches Umfeld und sie erkennen auch, dass sie oft in Watte gepackt werden, aber Kinder m\u00fcssen spielen, toben und gelegentlich Wagnisse eingehen und sich manchmal auch blaue Flecken holen. Nur so k\u00f6nnen sie sich psychisch und k\u00f6rperlich gut entwickeln.<br \/>\nDer 1.Vorsitzende des SC Laage, Uwe Michaelis, brachte es in einem pers\u00f6nlichen Gespr\u00e4ch auf den Punkt, als er sagte:&#8220; In unserer Zeit der Sicherheitsmaximierung hat das Wort Risiko einen negativen Beigeschmack. Und wenn es um unsere Kinder geht, dann erst recht.&#8220;<br \/>\nNeben den k\u00f6rperlich anstrengenden Aktivit\u00e4ten genossen die jungen Sportlerinnen und Sportler die Pausen mit Obst, Tee und Wasser, gro\u00dfz\u00fcgig bereitgestellt vom Fruchtexpress Haker und Frau Rosalinde Hinnah, und das vollwertige Mittagessen beim Laager Caterer, Andreas Springer, fand ebenfalls Gefallen.<br \/>\nAbschlie\u00dfend gilt neben der Stadt Laage, die die Sporthalle kostenlos zur Verf\u00fcgung stellte, und den engagierten F\u00f6rderern des SC Laage ein besonderer Dank.\u00a0 Ohne deren gro\u00dfz\u00fcgige Unterst\u00fctzung w\u00e4re die Durchf\u00fchrung einer solch arbeitsaufwendigen Aktion nicht m\u00f6glich. Dazu geh\u00f6rte auch eine w\u00fcrdige Auswertung und Verabschiedung am Ende der sportlichen Tage, denn alle M\u00e4dchen und Jungen konnten nach der sportlichen Aktion\u00a0 einen Erinnerungspokal und eine Urkunde mit nach Hause nehmen.<\/p>\n<p>SC Laage<\/p>\n<p><a href=\"https:\/\/laage-online.de\/wp-content\/uploads\/2016\/10\/IMAG0561.jpg\" rel=\"attachment wp-att-4586\"><img loading=\"lazy\" decoding=\"async\" class=\"aligncenter size-large wp-image-4586\" src=\"https:\/\/laage-online.de\/wp-content\/uploads\/2016\/10\/IMAG0561-1024x574.jpg\" alt=\"imag0561\" width=\"640\" height=\"359\" srcset=\"https:\/\/laage-online.de\/wp-content\/uploads\/2016\/10\/IMAG0561-1024x574.jpg 1024w, https:\/\/laage-online.de\/wp-content\/uploads\/2016\/10\/IMAG0561-300x168.jpg 300w, https:\/\/laage-online.de\/wp-content\/uploads\/2016\/10\/IMAG0561-768x431.jpg 768w, https:\/\/laage-online.de\/wp-content\/uploads\/2016\/10\/IMAG0561.jpg 1600w\" sizes=\"auto, (max-width: 640px) 100vw, 640px\" \/><\/a><br \/>\nDas Foto zeigt die Teilnehmer der Ferienfreizeit.<br \/>\nFoto: Leonie Model<\/p>\n","protected":false},"excerpt":{"rendered":"<p>Mit insgesamt 34 M\u00e4dchen und Jungen war die Teilnehmergrenze der diesj\u00e4hrigen Herbst-Ferienfreizeit der Laager Laufgruppe voll ausgereizt. Alle M\u00e4dchen und Jungen waren motiviert und begeisterten die verantwortlichen \u00dcbungsleiter mit ihrer &hellip; <a href=\"https:\/\/laage-online.de\/?p=4585\" class=\"more-link\"><span class=\"screen-reader-text\">Ferienfreizeit der Laager Laufgruppe kam gut an<\/span> weiterlesen <span class=\"meta-nav\">&rarr;<\/span><\/a><\/p>\n","protected":false},"author":12,"featured_media":0,"comment_status":"closed","ping_status":"open","sticky":false,"template":"","format":"standard","meta":{"footnotes":""},"categories":[12,5,6],"tags":[],"class_list":["post-4585","post","type-post","status-publish","format-standard","hentry","category-bemerkenswertes","category-sport-und-gesundheit","category-vor-ort-und-region"],"_links":{"self":[{"href":"https:\/\/laage-online.de\/index.php?rest_route=\/wp\/v2\/posts\/4585","targetHints":{"allow":["GET"]}}],"collection":[{"href":"https:\/\/laage-online.de\/index.php?rest_route=\/wp\/v2\/posts"}],"about":[{"href":"https:\/\/laage-online.de\/index.php?rest_route=\/wp\/v2\/types\/post"}],"author":[{"embeddable":true,"href":"https:\/\/laage-online.de\/index.php?rest_route=\/wp\/v2\/users\/12"}],"replies":[{"embeddable":true,"href":"https:\/\/laage-online.de\/index.php?rest_route=%2Fwp%2Fv2%2Fcomments&post=4585"}],"version-history":[{"count":1,"href":"https:\/\/laage-online.de\/index.php?rest_route=\/wp\/v2\/posts\/4585\/revisions"}],"predecessor-version":[{"id":4587,"href":"https:\/\/laage-online.de\/index.php?rest_route=\/wp\/v2\/posts\/4585\/revisions\/4587"}],"wp:attachment":[{"href":"https:\/\/laage-online.de\/index.php?rest_route=%2Fwp%2Fv2%2Fmedia&parent=4585"}],"wp:term":[{"taxonomy":"category","embeddable":true,"href":"https:\/\/laage-online.de\/index.php?rest_route=%2Fwp%2Fv2%2Fcategories&post=4585"},{"taxonomy":"post_tag","embeddable":true,"href":"https:\/\/laage-online.de\/index.php?rest_route=%2Fwp%2Fv2%2Ftags&post=4585"}],"curies":[{"name":"wp","href":"https:\/\/api.w.org\/{rel}","templated":true}]}}