{"id":7805,"date":"2022-09-04T20:34:16","date_gmt":"2022-09-04T18:34:16","guid":{"rendered":"https:\/\/laage-online.de\/?p=7805"},"modified":"2022-09-04T20:34:16","modified_gmt":"2022-09-04T18:34:16","slug":"laufcup-geht-in-die-heisse-phase","status":"publish","type":"post","link":"https:\/\/laage-online.de\/?p=7805","title":{"rendered":"Laufcup geht in die hei\u00dfe Phase"},"content":{"rendered":"<p style=\"margin-bottom: 9.75pt;\"><span style=\"font-size: 14.0pt; font-family: 'Arial',sans-serif;\">Bei besten sp\u00e4tsommerlichen Bedingungen\u00a0 begr\u00fc\u00dften die Organisatoren\u00a0 des M\u00fcritzer Laufsportvereins 04 e.V. \u00fcber zweihundert Laufsportbegeisterte zum 16. Warener Herbstlauf \u2013 Rund um den Tiefwarensee und Melzer See. Neben der perfekten Organisation \u00fcberzeugten die Gastgeber mit Wettkampfstrecken, die anspruchsvoll waren und auch mit einer soliden Absicherung beeindrucken konnten. Der Sportclub Laage schickte\u00a0 57 L\u00e4uferinnen und L\u00e4ufer in drei der insgesamt sechs ausgeschriebenen Wettbewerbe und konnte die Konkurrenz absolut beeindrucken.\u00a0 Besonders ragten Ergebnisse der Damenfraktion an diesem Tag heraus. Mit Sandra Murr (1. W40\/46,13 min), Joelina Raith (1.WJ U20 \/47,40 min), Stella Grobbecker (2. W20 \/ 47,53 min) und Kathleen Maag (1.W40 \/ 48,01 min), Sophia Heuck (3.W 40\/ 50,10 min) und Claudia Rugbarth (2.W35\/51,28 min) konnten sich 4! Frauen des Sportclubs Laage in die Top 10 des 10 Kilometer Laufes platzieren. Nicht unerw\u00e4hnt soll auch die starke Leistung\u00a0 des schnellen M\u00e4nnerquartetts bleiben. Als schnellster Recknitzst\u00e4dter lief Marcel Raith in der Klasse der \u00fcber 40-j\u00e4hrigen M\u00e4nner nach 41,37 Minuten ins Ziel.<\/span><\/p>\n<figure id=\"attachment_7806\" aria-describedby=\"caption-attachment-7806\" style=\"width: 474px\" class=\"wp-caption aligncenter\"><a href=\"https:\/\/laage-online.de\/wp-content\/uploads\/2022\/09\/Abendlf-2.jpg\"><img loading=\"lazy\" decoding=\"async\" class=\"size-large wp-image-7806\" src=\"https:\/\/laage-online.de\/wp-content\/uploads\/2022\/09\/Abendlf-2-1024x768.jpg\" alt=\"\" width=\"474\" height=\"356\" srcset=\"https:\/\/laage-online.de\/wp-content\/uploads\/2022\/09\/Abendlf-2-1024x768.jpg 1024w, https:\/\/laage-online.de\/wp-content\/uploads\/2022\/09\/Abendlf-2-300x225.jpg 300w, https:\/\/laage-online.de\/wp-content\/uploads\/2022\/09\/Abendlf-2-768x576.jpg 768w, https:\/\/laage-online.de\/wp-content\/uploads\/2022\/09\/Abendlf-2-1536x1152.jpg 1536w, https:\/\/laage-online.de\/wp-content\/uploads\/2022\/09\/Abendlf-2.jpg 1600w\" sizes=\"auto, (max-width: 474px) 100vw, 474px\" \/><\/a><figcaption id=\"caption-attachment-7806\" class=\"wp-caption-text\">Das Foto zeigt Sella Grobbecker und Sandra Murr. Foto: Ralf Sawacki<\/figcaption><\/figure>\n<p style=\"margin-bottom: 9.75pt;\"><span style=\"font-size: 14.0pt; font-family: 'Arial',sans-serif;\">Peter Zettl (M60\/42,13 min), Stefan Grobbecker (M55\/42,35 min) und der noch 19-j\u00e4hrige Ricardo Wendt (42,56 min) \u00a0blieben am Ende noch unter der 43 Minuten Marke. Im 5 Kilometer Lauf der als Laufcup-Wertungslauf f\u00fcr die Jugend ausgeschrieben war, \u00fcberzeugten der 14-j\u00e4hrige Benjamin Menge\u00a0 (20,24 min) und der noch 12-j\u00e4hrige Lennox Raith (20,47 min) mit einem Doppelsieg. Ihre Laufzeiten beeindruckten bei der absolut anspruchsvollen Wettkampfstrecke aber noch viel mehr.\u00a0\u00a0\u00a0 Mit Johanna Heuck(3.WJ U14\/21,39 min) , Juliane G\u00f6llnitz (1. WJ U18 \/ 21,48 min) \u00a0und Lena Pommerehne (3.WJ U18\/23,15 min) konnten sich drei Laager M\u00e4dchen in ihren Altersklassen ganz vorne platzieren und machten das tolle Teamergebnis nahezu perfekt.<br \/>\nIm 1,7 Kilometer langen Kinderlauf, der den Nachwuchslaufcup zugeordnet ist, konnten Paola Paeschke (3.WK U12 \/ 7,23 min), Hannah Beu (5.WK U12\/ 7,47 min) Hedi Schneider (2.WK U10\/ 8,09 min) und Erik Ostertag (8.MK U12\/ 7,21min) absolut \u00fcberzeugen.<br \/>\nAm Ende bleibt festzuhalten, dass sich die sportliche Reise absolut gelohnt hat und der Kampf um die Punkte im diesj\u00e4hrigen Laufcup richtig Fahrt aufgenommen hat. <\/span><span style=\"font-size: 12.0pt; font-family: 'Times New Roman',serif;\"><\/p>\n<p>ast<\/span><span style=\"font-size: 9.0pt; font-family: 'Verdana',sans-serif;\">\u00a0<\/span><\/p>\n","protected":false},"excerpt":{"rendered":"<p>Bei besten sp\u00e4tsommerlichen Bedingungen\u00a0 begr\u00fc\u00dften die Organisatoren\u00a0 des M\u00fcritzer Laufsportvereins 04 e.V. \u00fcber zweihundert Laufsportbegeisterte zum 16. Warener Herbstlauf \u2013 Rund um den Tiefwarensee und Melzer See. Neben der perfekten &hellip; <a href=\"https:\/\/laage-online.de\/?p=7805\" class=\"more-link\"><span class=\"screen-reader-text\">Laufcup geht in die hei\u00dfe Phase<\/span> weiterlesen <span class=\"meta-nav\">&rarr;<\/span><\/a><\/p>\n","protected":false},"author":12,"featured_media":0,"comment_status":"closed","ping_status":"open","sticky":false,"template":"","format":"standard","meta":{"footnotes":""},"categories":[12,5,6],"tags":[],"class_list":["post-7805","post","type-post","status-publish","format-standard","hentry","category-bemerkenswertes","category-sport-und-gesundheit","category-vor-ort-und-region"],"_links":{"self":[{"href":"https:\/\/laage-online.de\/index.php?rest_route=\/wp\/v2\/posts\/7805","targetHints":{"allow":["GET"]}}],"collection":[{"href":"https:\/\/laage-online.de\/index.php?rest_route=\/wp\/v2\/posts"}],"about":[{"href":"https:\/\/laage-online.de\/index.php?rest_route=\/wp\/v2\/types\/post"}],"author":[{"embeddable":true,"href":"https:\/\/laage-online.de\/index.php?rest_route=\/wp\/v2\/users\/12"}],"replies":[{"embeddable":true,"href":"https:\/\/laage-online.de\/index.php?rest_route=%2Fwp%2Fv2%2Fcomments&post=7805"}],"version-history":[{"count":1,"href":"https:\/\/laage-online.de\/index.php?rest_route=\/wp\/v2\/posts\/7805\/revisions"}],"predecessor-version":[{"id":7807,"href":"https:\/\/laage-online.de\/index.php?rest_route=\/wp\/v2\/posts\/7805\/revisions\/7807"}],"wp:attachment":[{"href":"https:\/\/laage-online.de\/index.php?rest_route=%2Fwp%2Fv2%2Fmedia&parent=7805"}],"wp:term":[{"taxonomy":"category","embeddable":true,"href":"https:\/\/laage-online.de\/index.php?rest_route=%2Fwp%2Fv2%2Fcategories&post=7805"},{"taxonomy":"post_tag","embeddable":true,"href":"https:\/\/laage-online.de\/index.php?rest_route=%2Fwp%2Fv2%2Ftags&post=7805"}],"curies":[{"name":"wp","href":"https:\/\/api.w.org\/{rel}","templated":true}]}}