{"id":7859,"date":"2022-10-06T19:38:59","date_gmt":"2022-10-06T17:38:59","guid":{"rendered":"https:\/\/laage-online.de\/?p=7859"},"modified":"2022-10-06T19:38:59","modified_gmt":"2022-10-06T17:38:59","slug":"amtseinfuehrung-mit-feldgottesdienst-auf-dem-fliegerhorst","status":"publish","type":"post","link":"https:\/\/laage-online.de\/?p=7859","title":{"rendered":"Amtseinf\u00fchrung mit Feldgottesdienst auf dem Fliegerhorst"},"content":{"rendered":"<p>Im Auftrag des Evangelischen Milit\u00e4rgeneraldekans, Matthias Heimer, hatte der Leitende Evangelische Milit\u00e4rdekan Nord, Armin Wenzel, zur kirchlichen Einf\u00fchrung des Evangelischen Milit\u00e4rdekans, Martin J\u00fcrgens, gebeten, und Soldatinnen, Soldaten, Zivilbedienstete der Bundeswehr sowie Freunde und Familienangeh\u00f6rige waren der Einladung gefolgt. Mit einem wundersch\u00f6nen Feldgottesdienst im Unterkunftsbereich des Fliegerhorstes in Laage zelebrierten die Theologen die Einf\u00fchrung bei leicht wolkenverhangenem Himmel und den immer wieder deutlich zu vernehmendem Sound von startenden Eurofightern. Unter den zahlreichen G\u00e4sten befanden sich auch der Kommodore des Taktischen Luftwaffengeschwaders 73&#8243;S&#8220;, Oberst Joachim \u201eJoe\u201c Kaschke, und der Propst f\u00fcr die Propstei Rostock, Dirk Fey, die beide ein Gru\u00dfwort an die G\u00e4ste und besonders an Milit\u00e4rdekan J\u00fcrgens richteten. Sehr angenehm empfanden viele der Anwesenden die Teilnahme von Pfarrer Johannes Wolf. Er hatte als Vorg\u00e4nger von Milit\u00e4rdekan J\u00fcrgens mehr als 10 Jahre die Verantwortung f\u00fcr das Evangelische Milit\u00e4rpfarramt in Laage. Viele gute Gespr\u00e4che, Softgetr\u00e4nke und eine deftige Soljanka rundeten den Nachmittag ab und Milit\u00e4rdekan J\u00fcrgens konnte noch viele H\u00e4nde sch\u00fctteln und Gl\u00fcckw\u00fcnsche entgegennehmen.<\/p>\n<figure id=\"attachment_7860\" aria-describedby=\"caption-attachment-7860\" style=\"width: 474px\" class=\"wp-caption aligncenter\"><a href=\"https:\/\/laage-online.de\/wp-content\/uploads\/2022\/10\/Stache-u-Juergens-2-0028965.jpg\"><img loading=\"lazy\" decoding=\"async\" class=\"size-large wp-image-7860\" src=\"https:\/\/laage-online.de\/wp-content\/uploads\/2022\/10\/Stache-u-Juergens-2-0028965-1024x724.jpg\" alt=\"\" width=\"474\" height=\"335\" srcset=\"https:\/\/laage-online.de\/wp-content\/uploads\/2022\/10\/Stache-u-Juergens-2-0028965-1024x724.jpg 1024w, https:\/\/laage-online.de\/wp-content\/uploads\/2022\/10\/Stache-u-Juergens-2-0028965-300x212.jpg 300w, https:\/\/laage-online.de\/wp-content\/uploads\/2022\/10\/Stache-u-Juergens-2-0028965-768x543.jpg 768w, https:\/\/laage-online.de\/wp-content\/uploads\/2022\/10\/Stache-u-Juergens-2-0028965-1536x1087.jpg 1536w, https:\/\/laage-online.de\/wp-content\/uploads\/2022\/10\/Stache-u-Juergens-2-0028965.jpg 1600w\" sizes=\"auto, (max-width: 474px) 100vw, 474px\" \/><\/a><figcaption id=\"caption-attachment-7860\" class=\"wp-caption-text\">Das Team des Evangelischen Milit\u00e4rpfarramtes in Laage: Pfarrhelfer Stache und Milit\u00e4rdekan J\u00fcrgens. Foto: Josefine Bode<\/figcaption><\/figure>\n<p>Er selbst sprach aber auch Worte des Dankes an die Soldatinnen und Soldaten aus, die die Veranstaltung perfekt vorbereitet hatten und damit f\u00fcr den \u00e4u\u00dferen Rahmen sorgten. Dank gilt ebenso der Familie L\u00fcbs und ihrer Begleitung, Juliane Tautorat. Sie sorgten f\u00fcr die Musikalische Umrahmung des Nachmittags. Anzumerken bleibt, dass Milit\u00e4rdekan Martin J\u00fcrgens, als Leiter des Evangelischen Mili\u00e4rpfarramts Laage, neben dem Fliegerhorst in Laage, f\u00fcr die Standorte Sanitz, Prangendorf, Gubkow, Warbelow, Bad S\u00fclze, Neubrandenburg, Waren und C\u00f6lpin zust\u00e4ndig ist. Zudem hat der Milit\u00e4rpfarrer des Fliegerhorstes in Laage die Funktion des Stellvertreters des Leitenden Milit\u00e4rdekans in Kiel. Damit \u00fcbernimmt der Soldatenseelsorger in Vertretung die Aufgaben des Leitenden Milit\u00e4rdekans, Armin Wenzel, und ist f\u00fcr die Aus- und Fortbildung der Pfarrhelferinnen und Pfarrhelfer verantwortlich. Der Dekanatsbereich umfasst das Gebiet der Bundesl\u00e4nder im Norden Deutschlands, die Bundeswehrdienststellen beim Multinationalen Korps in Stettin und auch die Marinedienststellen.<\/p>\n<p>Andr\u00e9 Stache, Pfarrhelfer beim evangelischen Milit\u00e4rpfarramt in Laage<\/p>\n","protected":false},"excerpt":{"rendered":"<p>Im Auftrag des Evangelischen Milit\u00e4rgeneraldekans, Matthias Heimer, hatte der Leitende Evangelische Milit\u00e4rdekan Nord, Armin Wenzel, zur kirchlichen Einf\u00fchrung des Evangelischen Milit\u00e4rdekans, Martin J\u00fcrgens, gebeten, und Soldatinnen, Soldaten, Zivilbedienstete der Bundeswehr &hellip; <a href=\"https:\/\/laage-online.de\/?p=7859\" class=\"more-link\"><span class=\"screen-reader-text\">Amtseinf\u00fchrung mit Feldgottesdienst auf dem Fliegerhorst<\/span> weiterlesen <span class=\"meta-nav\">&rarr;<\/span><\/a><\/p>\n","protected":false},"author":12,"featured_media":0,"comment_status":"closed","ping_status":"open","sticky":false,"template":"","format":"standard","meta":{"footnotes":""},"categories":[12,18,5,6],"tags":[],"class_list":["post-7859","post","type-post","status-publish","format-standard","hentry","category-bemerkenswertes","category-reservistenkameradschaft","category-sport-und-gesundheit","category-vor-ort-und-region"],"_links":{"self":[{"href":"https:\/\/laage-online.de\/index.php?rest_route=\/wp\/v2\/posts\/7859","targetHints":{"allow":["GET"]}}],"collection":[{"href":"https:\/\/laage-online.de\/index.php?rest_route=\/wp\/v2\/posts"}],"about":[{"href":"https:\/\/laage-online.de\/index.php?rest_route=\/wp\/v2\/types\/post"}],"author":[{"embeddable":true,"href":"https:\/\/laage-online.de\/index.php?rest_route=\/wp\/v2\/users\/12"}],"replies":[{"embeddable":true,"href":"https:\/\/laage-online.de\/index.php?rest_route=%2Fwp%2Fv2%2Fcomments&post=7859"}],"version-history":[{"count":1,"href":"https:\/\/laage-online.de\/index.php?rest_route=\/wp\/v2\/posts\/7859\/revisions"}],"predecessor-version":[{"id":7861,"href":"https:\/\/laage-online.de\/index.php?rest_route=\/wp\/v2\/posts\/7859\/revisions\/7861"}],"wp:attachment":[{"href":"https:\/\/laage-online.de\/index.php?rest_route=%2Fwp%2Fv2%2Fmedia&parent=7859"}],"wp:term":[{"taxonomy":"category","embeddable":true,"href":"https:\/\/laage-online.de\/index.php?rest_route=%2Fwp%2Fv2%2Fcategories&post=7859"},{"taxonomy":"post_tag","embeddable":true,"href":"https:\/\/laage-online.de\/index.php?rest_route=%2Fwp%2Fv2%2Ftags&post=7859"}],"curies":[{"name":"wp","href":"https:\/\/api.w.org\/{rel}","templated":true}]}}