{"id":7889,"date":"2022-11-01T21:15:22","date_gmt":"2022-11-01T20:15:22","guid":{"rendered":"https:\/\/laage-online.de\/?p=7889"},"modified":"2022-11-01T21:15:22","modified_gmt":"2022-11-01T20:15:22","slug":"wandern-wie-zu-luthers-zeiten","status":"publish","type":"post","link":"https:\/\/laage-online.de\/?p=7889","title":{"rendered":"Wandern wie zu Luthers Zeiten"},"content":{"rendered":"<p><span style=\"font-size: 14.0pt; font-family: 'Arial',sans-serif;\">Der gro\u00dfe Reformator, Martin Luther, h\u00e4tte seine Freude gehabt. Motivierte Wanderfreunde trafen sich zum gemeinsamen Pilgern am Reformationstag im Fliegerhorst der kleinen Recknitzstadt Laage. Nach einem Morgenimpuls am Glockenturm nutzten \u00fcber vierzig Naturbegeisterte die Gelegenheit, mit den Vertretern des Milit\u00e4rpfarramtes Laage zu wandern. Kurz vor dem Start \u00fcberreichte Milit\u00e4rdekan J\u00fcrgens jedem Teilnehmer ein Kreuz, das an einem Lederband verankert war, als pers\u00f6nliches Erinnerungsgeschenk. Ganz gem\u00fctlich, fast wie Pilgerer, zog es die Erwachsenen durch das urige Mecklenburg vom Fliegerhorst durch ein angrenzendes W\u00e4ldchen, durch umliegende D\u00f6rfer \u00fcber Stock und Stein zur\u00fcck zur Kaserne. Und die Wanderung hatte dann einiges zu bieten und begeisterte mit Naturn\u00e4he und Urspr\u00fcnglichkeit. Eben typisch Mecklenburg. Nach einigen Stunden Fu\u00dfmarsch erreichten die Pilger ihren Ausgangspunkt. Zeitgleich &#8222;stiefelten&#8220; die Kinder unter der F\u00fchrung von Pfarrhelfer Stache durch die milit\u00e4rische Anlage auf festgelegten Wegen und erkundeten so ein St\u00fcck Natur.<\/span><\/p>\n<figure id=\"attachment_7890\" aria-describedby=\"caption-attachment-7890\" style=\"width: 474px\" class=\"wp-caption aligncenter\"><a href=\"https:\/\/laage-online.de\/wp-content\/uploads\/2022\/11\/wandern-2_.jpg\"><img loading=\"lazy\" decoding=\"async\" class=\"size-large wp-image-7890\" src=\"https:\/\/laage-online.de\/wp-content\/uploads\/2022\/11\/wandern-2_-1024x764.jpg\" alt=\"\" width=\"474\" height=\"354\" srcset=\"https:\/\/laage-online.de\/wp-content\/uploads\/2022\/11\/wandern-2_-1024x764.jpg 1024w, https:\/\/laage-online.de\/wp-content\/uploads\/2022\/11\/wandern-2_-300x224.jpg 300w, https:\/\/laage-online.de\/wp-content\/uploads\/2022\/11\/wandern-2_-768x573.jpg 768w, https:\/\/laage-online.de\/wp-content\/uploads\/2022\/11\/wandern-2_-1536x1145.jpg 1536w, https:\/\/laage-online.de\/wp-content\/uploads\/2022\/11\/wandern-2_.jpg 1600w\" sizes=\"auto, (max-width: 474px) 100vw, 474px\" \/><\/a><figcaption id=\"caption-attachment-7890\" class=\"wp-caption-text\">Die Teilnehmer der Wanderung. Foto: Andr\u00e9 Stache<\/figcaption><\/figure>\n<p><span style=\"font-size: 14.0pt; font-family: 'Arial',sans-serif;\">F\u00fcr Milit\u00e4rdekan Martin J\u00fcrgens stand nach fast drei Stunden Wanderung fest: \u201cEs gibt nichts Sch\u00f6neres, als die Natur auf zwei Beinen zu erkunden und das Wandern ist so herrlich unkompliziert. Ob ein leichter Spaziergang oder eine anspruchsvolle Tour &#8211; mit \u00fcberschaubarer Ausr\u00fcstung ist man sofort dabei und entdeckt seine n\u00e4here Umgebung und vieles mehr.\u201c Kein Wunder also, dass das Wandern so beliebt ist.<br \/>\nIm Anschluss an die Wanderung des Evangelischen Milit\u00e4rpfarramtes trafen sich alle Teilnehmer in den R\u00e4umen des Evangelischen Milit\u00e4rpfarramtes Laage. Bei einer selbstgemachten Kartoffelsuppe, Kuchen und Kaffee wurde ausgiebig geschwatzt und nat\u00fcrlich f\u00fcr die kommenden Wochen geplant.\u00a0 Das alles erlebt zu haben, war f\u00fcr die Teilnehmer sch\u00f6n und zugleich befriedigend. Und ein Fazit bleibt: \u201eWandern lohnt sich zu jeder Jahreszeit.\u201c Im Fr\u00fchjahr und Herbst, wenn die Kraniche ziehen und das Laub sich rot und golden einf\u00e4rbt, kommen Naturliebhaber besonders auf ihre Kosten.<\/p>\n<p>Andr\u00e9 Stache, Pfarrhelfer beim Evangelischen Milit\u00e4rpfarramt Laage<\/span><\/p>\n","protected":false},"excerpt":{"rendered":"<p>Der gro\u00dfe Reformator, Martin Luther, h\u00e4tte seine Freude gehabt. Motivierte Wanderfreunde trafen sich zum gemeinsamen Pilgern am Reformationstag im Fliegerhorst der kleinen Recknitzstadt Laage. Nach einem Morgenimpuls am Glockenturm nutzten &hellip; <a href=\"https:\/\/laage-online.de\/?p=7889\" class=\"more-link\"><span class=\"screen-reader-text\">Wandern wie zu Luthers Zeiten<\/span> weiterlesen <span class=\"meta-nav\">&rarr;<\/span><\/a><\/p>\n","protected":false},"author":12,"featured_media":0,"comment_status":"closed","ping_status":"open","sticky":false,"template":"","format":"standard","meta":{"footnotes":""},"categories":[12,13,18,6],"tags":[],"class_list":["post-7889","post","type-post","status-publish","format-standard","hentry","category-bemerkenswertes","category-kirche","category-reservistenkameradschaft","category-vor-ort-und-region"],"_links":{"self":[{"href":"https:\/\/laage-online.de\/index.php?rest_route=\/wp\/v2\/posts\/7889","targetHints":{"allow":["GET"]}}],"collection":[{"href":"https:\/\/laage-online.de\/index.php?rest_route=\/wp\/v2\/posts"}],"about":[{"href":"https:\/\/laage-online.de\/index.php?rest_route=\/wp\/v2\/types\/post"}],"author":[{"embeddable":true,"href":"https:\/\/laage-online.de\/index.php?rest_route=\/wp\/v2\/users\/12"}],"replies":[{"embeddable":true,"href":"https:\/\/laage-online.de\/index.php?rest_route=%2Fwp%2Fv2%2Fcomments&post=7889"}],"version-history":[{"count":1,"href":"https:\/\/laage-online.de\/index.php?rest_route=\/wp\/v2\/posts\/7889\/revisions"}],"predecessor-version":[{"id":7891,"href":"https:\/\/laage-online.de\/index.php?rest_route=\/wp\/v2\/posts\/7889\/revisions\/7891"}],"wp:attachment":[{"href":"https:\/\/laage-online.de\/index.php?rest_route=%2Fwp%2Fv2%2Fmedia&parent=7889"}],"wp:term":[{"taxonomy":"category","embeddable":true,"href":"https:\/\/laage-online.de\/index.php?rest_route=%2Fwp%2Fv2%2Fcategories&post=7889"},{"taxonomy":"post_tag","embeddable":true,"href":"https:\/\/laage-online.de\/index.php?rest_route=%2Fwp%2Fv2%2Ftags&post=7889"}],"curies":[{"name":"wp","href":"https:\/\/api.w.org\/{rel}","templated":true}]}}