{"id":7892,"date":"2022-11-01T21:20:08","date_gmt":"2022-11-01T20:20:08","guid":{"rendered":"https:\/\/laage-online.de\/?p=7892"},"modified":"2022-11-01T21:20:08","modified_gmt":"2022-11-01T20:20:08","slug":"laufsportler-im-fliegerhorst-aktiv","status":"publish","type":"post","link":"https:\/\/laage-online.de\/?p=7892","title":{"rendered":"Laufsportler im Fliegerhorst aktiv"},"content":{"rendered":"<p style=\"margin: 5.0pt 0cm 9.75pt 35.4pt;\"><span style=\"font-size: 14.0pt; font-family: 'Arial',sans-serif;\">Im Unterkunftsbereich des Fliegerhorstes Laage startete Milit\u00e4rdekan Martin J\u00fcrgens, am letzten Oktober-Samstag den 33. Seelsorgelauf des Evangelischen Milit\u00e4rpfarramtes Laage. Zuvor hatte der Stellvertretende Kommodore des Taktischen Luftwaffengeschwaders 73&#8243;S&#8220;, Oberstleutnant Gerd Schnell, die L\u00e4uferinnen und L\u00e4ufer herzlich begr\u00fc\u00dft. \u00dcberwiegend ausdauererprobte Sportlerinnen und Sportler vom Laufteam R\u00fcgen, dem Lauftreff des 1.LAV Rostock, dem Lauftreff Waren\/M\u00fcritz und nat\u00fcrlich vom Sportclub Laage bildeten den Rahmen der Traditionsveranstaltung. Aber nat\u00fcrlich hatten sich auch nicht wenige Volksl\u00e4ufer unter die Aktiven gemischt.\u00a0Und sportlich wurde die Veranstaltung ein voller Erfolg. Kinder und Jugendliche starteten mit den Erwachsenen und alle k\u00e4mpften um Meter und Sekunden. Und dabei forderten die \u00e4u\u00dferen Bedingungen alle Aktiven gleicherma\u00dfen. K\u00fchle Temperaturen, leichter Wind und das mit seinen immer wieder kehrenden Steigungen gef\u00fcrchtete Streckenprofil forderte ausnahmslos alle, egal ob sie nun 3 km, 6 km, 9 km oder sogar 12 Kilometer bew\u00e4ltigen wollten. Und die Wettkampfstrecke hatte, f\u00fcr die Athletinnen und Athleten aus ganz Mecklenburg-Vorpommern, einiges zu bieten. Ewig lange Geraden, vorbei an abgestellten Traditionsmaschinen, und die schon besagten heftigen Steigungen hatten es schon in sich. Und das wiederholte sich mehrmals, denn der Pendelkurs schickte die Athleten immer wieder zu ihrem Ausgangspunkt zur\u00fcck. \u00a0Besonders im Hauptlauf entwickelte sich ein spannendes Rennen. Roger Kerschke, der aktiv f\u00fcr die FHSG Stralsund l\u00e4uft, konnte nach gro\u00dfem Kampf mit einem hauchd\u00fcnnen Vorsprung \u00fcber 12 Kilometer nach starken 47,42 Minuten vor dem Laager Berufssoldaten Steffen Schirmer (47,44 min) gewinnen. Dessen 19-j\u00e4hrige Vereinskameradin von der Laager Laufgruppe, Juliane G\u00f6llnitz, beendete ihren 12 Kilometer Lauf als schnellste Frau nach 53,42 Minuten. Im Anschluss konnten die Aktiven bei deftigen Eint\u00f6pfen, Kuchen und W\u00fcrstchen das Erlebte reflektieren und sich gleichzeitig auf die Siegerehrung vorbereiten.<\/span><\/p>\n<figure id=\"attachment_7893\" aria-describedby=\"caption-attachment-7893\" style=\"width: 474px\" class=\"wp-caption aligncenter\"><a href=\"https:\/\/laage-online.de\/wp-content\/uploads\/2022\/11\/seelsorgelauf-2.jpg\"><img loading=\"lazy\" decoding=\"async\" class=\"size-large wp-image-7893\" src=\"https:\/\/laage-online.de\/wp-content\/uploads\/2022\/11\/seelsorgelauf-2-1024x768.jpg\" alt=\"\" width=\"474\" height=\"356\" srcset=\"https:\/\/laage-online.de\/wp-content\/uploads\/2022\/11\/seelsorgelauf-2-1024x768.jpg 1024w, https:\/\/laage-online.de\/wp-content\/uploads\/2022\/11\/seelsorgelauf-2-300x225.jpg 300w, https:\/\/laage-online.de\/wp-content\/uploads\/2022\/11\/seelsorgelauf-2-768x576.jpg 768w, https:\/\/laage-online.de\/wp-content\/uploads\/2022\/11\/seelsorgelauf-2.jpg 1330w\" sizes=\"auto, (max-width: 474px) 100vw, 474px\" \/><\/a><figcaption id=\"caption-attachment-7893\" class=\"wp-caption-text\">Das Foto zeigt v.l. Andr\u00e9 Stache,Juliane G\u00f6llnitz, Roger Kerschke, OTL Schnell, \u00a0und Milit\u00e4rdekan Martin J\u00fcrgens. Foto: Jana Fischer<\/figcaption><\/figure>\n<p style=\"margin: 5.0pt 0cm 9.75pt 35.4pt;\"><span style=\"font-size: 14.0pt; font-family: 'Arial',sans-serif;\">Abschlie\u00dfend gilt den Verantwortungstr\u00e4gern des Taktischen Luftwaffengeschwaders 73\u201cS\u201c ein besonderer Dank. Schlie\u00dflich sind die M\u00f6glichkeiten, gemeinsame Zeit zu verbringen rar geworden und der Blick auf die pandemische Lage fordert immer wieder Ausdauer und Geduld. Ein Dank gilt neben der Milit\u00e4rischen F\u00fchrung des Verbandes den freiwilligen Helfern und Partnern, denn das Evangelische Milit\u00e4rpfarramt in Laage bietet in Zusammenarbeit mit dem Sportclub Laage und der Reservistenkameradschaft Fliegerhorst Laage eine F\u00fclle von Angeboten f\u00fcr die aktive Freizeitgestaltung.<\/span> <span style=\"font-size: 14.0pt; font-family: 'Arial',sans-serif;\">Und das ist in der jetzigen Zeit wichtiger denn je.<\/p>\n<p>Andr\u00e9 Stache, Pfarrhelfer beim Ev. Milit\u00e4rpfarramt Laage<\/span><\/p>\n<p style=\"margin-left: 35.4pt;\"><b><i><u><span style=\"font-size: 12.0pt; font-family: 'Times New Roman',serif;\">Die Sieger:<\/span><\/u><\/i><\/b><span style=\"font-size: 9.0pt; font-family: 'Verdana',sans-serif;\"><br \/>\n<\/span><i><u><span style=\"font-size: 12.0pt; font-family: 'Times New Roman',serif;\">3 km<\/span><\/u><\/i><i><span style=\"font-size: 12.0pt; font-family: 'Times New Roman',serif;\"><br \/>\n<b>Sieger M\u00e4nner,\u00a0 \u00a0 \u00a0 \u00a0 \u00a0 \u00a0 \u00a0 \u00a0 \u00a0 \u00a0 \u00a0 \u00a0 \u00a0 \u00a0 \u00a0 \u00a0 \u00a0Sieger Damen<br \/>\nLennox Raith (11,23 min)\u00a0 \u00a0 \u00a0 \u00a0 \u00a0 \u00a0 \u00a0 \u00a0Johanna Heuck (12,08 min)\u00a0 Sportclub Laage\u00a0 \u00a0 \u00a0 \u00a0 \u00a0 \u00a0 \u00a0 \u00a0 \u00a0 \u00a0 \u00a0 \u00a0 \u00a0 \u00a0 \u00a0 Sportclub Laage<\/b><\/span><\/i><\/p>\n<p style=\"margin-left: 35.4pt;\"><i><u><span style=\"font-size: 12.0pt; font-family: 'Times New Roman',serif;\">6 km<\/span><\/u><\/i><span style=\"font-size: 9.0pt; font-family: 'Verdana',sans-serif;\"><br \/>\n<\/span><b><i><span style=\"font-size: 12.0pt; font-family: 'Times New Roman',serif;\">Sieger M\u00e4nner,\u00a0 \u00a0 \u00a0 \u00a0 \u00a0 \u00a0 \u00a0 \u00a0 \u00a0 \u00a0 \u00a0 \u00a0 \u00a0 \u00a0 \u00a0 \u00a0 Sieger Damen<br \/>\nHeinz Peter Zettl (23,47 min)\u00a0 \u00a0 \u00a0 \u00a0 \u00a0Stella Grobbecker (26,33 min)Sportclub Laage\u00a0 \u00a0\u00a0\u00a0\u00a0\u00a0\u00a0\u00a0\u00a0\u00a0\u00a0\u00a0\u00a0\u00a0\u00a0\u00a0\u00a0\u00a0\u00a0\u00a0\u00a0\u00a0\u00a0\u00a0 \u00a0\u00a0\u00a0\u00a0\u00a0\u00a0\u00a0\u00a0\u00a0\u00a0\u00a0\u00a0\u00a0\u00a0\u00a0\u00a0\u00a0 Sportclub Laage<\/span><\/i><\/b><\/p>\n<p style=\"margin: 5.0pt 0cm 9.75pt 35.4pt;\"><i><u><span style=\"font-size: 12.0pt; font-family: 'Times New Roman',serif;\">9 km<\/span><\/u><\/i><span style=\"font-size: 9.0pt; font-family: 'Verdana',sans-serif;\"><br \/>\n<\/span><b><i><span style=\"font-size: 12.0pt; font-family: 'Times New Roman',serif;\">Sieger M\u00e4nner, \u00a0 \u00a0 \u00a0 \u00a0 \u00a0 \u00a0 \u00a0 \u00a0 \u00a0 \u00a0 \u00a0 \u00a0 \u00a0 \u00a0 \u00a0 \u00a0 \u00a0 \u00a0 \u00a0 \u00a0 \u00a0 \u00a0 \u00a0 Sieger Damen<br \/>\nBernd J\u00e4nike (38,08 min),\u00a0 \u00a0 \u00a0 \u00a0 \u00a0 \u00a0 \u00a0 \u00a0 \u00a0 \u00a0 \u00a0\u00a0\u00a0\u00a0\u00a0 \u00a0 \u00a0Hannah Sch\u00fclzke ( 43,10 min) \u00a0\u00a0\u00a0\u00a0\u00a0\u00a0\u00a0\u00a0 \u00a0 \u00a0 \u00a0 \u00a0 \u00a0 \u00a0 \u00a0 \u00a0 \u00a0 \u00a0 \u00a0 \u00a0 \u00a0 \u00a0 \u00a0 \u00a0 \u00a0 \u00a0 \u00a0 \u00a0 \u00a0 \u00a0 \u00a0 \u00a0 \u00a0 \u00a0 \u00a0 \u00a0 \u00a0 \u00a0 \u00a0 \u00a0 \u00a0 \u00a0 \u00a0 \u00a0 \u00a0 \u00a0 \u00a0 \u00a0 \u00a0 \u00a0 \u00a0 \u00a0 \u00a0 \u00a0 \u00a0 \u00a0 \u00a0 \u00a0 \u00a0 \u00a0 \u00a0 \u00a0 \u00a0 \u00a0 \u00a0 \u00a0 \u00a0 \u00a0 \u00a0 \u00a0 \u00a0 \u00a0 \u00a0 \u00a0 \u00a0 \u00a0 \u00a0 \u00a0 \u00a0 \u00a0 \u00a0 \u00a0 \u00a0 \u00a0 \u00a0 \u00a0 \u00a0 \u00a0 \u00a0 \u00a0 \u00a0 \u00a0 \u00a0 \u00a0 \u00a0 \u00a0 \u00a0\u00a0\u00a0\u00a0\u00a0\u00a0\u00a0\u00a0\u00a0\u00a0 Sportclub Laage\u00a0\u00a0\u00a0 \u00a0\u00a0\u00a0\u00a0\u00a0\u00a0\u00a0\u00a0\u00a0\u00a0\u00a0\u00a0\u00a0\u00a0\u00a0\u00a0\u00a0\u00a0\u00a0\u00a0\u00a0\u00a0\u00a0\u00a0\u00a0\u00a0\u00a0\u00a0\u00a0\u00a0\u00a0\u00a0\u00a0 \u00a0 \u00a0\u00a0 \u00a0 Laufteam R\u00fcgen<\/span><\/i><\/b><\/p>\n<p style=\"margin: 5.0pt 0cm 9.75pt 35.4pt;\"><i><u><span style=\"font-size: 12.0pt; font-family: 'Times New Roman',serif;\">12 km<\/span><\/u><\/i><span style=\"font-size: 9.0pt; font-family: 'Verdana',sans-serif;\"><br \/>\n<\/span><b><i><span style=\"font-size: 12.0pt; font-family: 'Times New Roman',serif;\">Sieger M\u00e4nner, \u00a0 \u00a0 \u00a0 \u00a0 \u00a0 \u00a0 \u00a0 \u00a0 \u00a0 \u00a0 \u00a0 \u00a0 \u00a0 \u00a0 \u00a0 \u00a0 \u00a0 \u00a0 \u00a0 \u00a0 \u00a0 \u00a0 \u00a0 Sieger Damen<br \/>\nRoger Kerschke (47,42 min)\u00a0 \u00a0 \u00a0 \u00a0 \u00a0 \u00a0 \u00a0 \u00a0 \u00a0 \u00a0 \u00a0 \u00a0 \u00a0Juliane G\u00f6llnitz (53,42 min) \u00a0\u00a0\u00a0\u00a0\u00a0\u00a0\u00a0\u00a0\u00a0\u00a0\u00a0\u00a0 \u00a0 \u00a0 \u00a0 \u00a0 \u00a0 \u00a0 \u00a0 \u00a0 \u00a0 \u00a0 \u00a0 \u00a0 \u00a0 \u00a0 \u00a0 \u00a0 \u00a0 \u00a0 \u00a0 \u00a0 \u00a0 \u00a0 \u00a0 \u00a0 \u00a0 \u00a0 \u00a0 \u00a0 \u00a0 \u00a0 \u00a0 \u00a0 \u00a0 \u00a0 \u00a0 \u00a0 \u00a0 \u00a0 \u00a0 \u00a0 \u00a0 \u00a0 \u00a0 \u00a0 \u00a0 \u00a0 \u00a0 \u00a0 \u00a0 \u00a0 \u00a0 \u00a0 \u00a0 \u00a0 \u00a0 \u00a0 \u00a0 \u00a0 \u00a0 \u00a0 \u00a0 \u00a0 \u00a0 \u00a0 \u00a0 \u00a0 \u00a0 \u00a0 \u00a0 \u00a0 \u00a0 \u00a0 \u00a0 \u00a0 \u00a0 \u00a0 \u00a0 \u00a0 \u00a0 \u00a0 \u00a0 \u00a0 \u00a0 \u00a0 \u00a0\u00a0 \u00a0\u00a0\u00a0\u00a0\u00a0\u00a0\u00a0\u00a0\u00a0\u00a0\u00a0\u00a0\u00a0\u00a0\u00a0\u00a0\u00a0\u00a0 FHSG Stralsund\u00a0\u00a0\u00a0\u00a0\u00a0\u00a0\u00a0\u00a0\u00a0\u00a0\u00a0\u00a0\u00a0\u00a0\u00a0\u00a0\u00a0\u00a0\u00a0\u00a0\u00a0\u00a0\u00a0\u00a0\u00a0\u00a0\u00a0\u00a0\u00a0\u00a0\u00a0\u00a0\u00a0\u00a0\u00a0\u00a0\u00a0\u00a0\u00a0\u00a0\u00a0\u00a0\u00a0 Sportclub Laage<\/span><\/i><\/b><\/p>\n<p style=\"margin: 5.0pt 0cm 9.75pt 35.4pt;\"><span style=\"font-size: 9.0pt; font-family: 'Verdana',sans-serif;\">\u00a0<\/span><\/p>\n<p style=\"margin-left: 35.4pt;\"><span style=\"font-size: 9.0pt; font-family: 'Verdana',sans-serif;\">\u00a0<\/span><\/p>\n","protected":false},"excerpt":{"rendered":"<p>Im Unterkunftsbereich des Fliegerhorstes Laage startete Milit\u00e4rdekan Martin J\u00fcrgens, am letzten Oktober-Samstag den 33. Seelsorgelauf des Evangelischen Milit\u00e4rpfarramtes Laage. Zuvor hatte der Stellvertretende Kommodore des Taktischen Luftwaffengeschwaders 73&#8243;S&#8220;, Oberstleutnant Gerd &hellip; <a href=\"https:\/\/laage-online.de\/?p=7892\" class=\"more-link\"><span class=\"screen-reader-text\">Laufsportler im Fliegerhorst aktiv<\/span> weiterlesen <span class=\"meta-nav\">&rarr;<\/span><\/a><\/p>\n","protected":false},"author":12,"featured_media":0,"comment_status":"closed","ping_status":"open","sticky":false,"template":"","format":"standard","meta":{"footnotes":""},"categories":[12,13,18,6],"tags":[],"class_list":["post-7892","post","type-post","status-publish","format-standard","hentry","category-bemerkenswertes","category-kirche","category-reservistenkameradschaft","category-vor-ort-und-region"],"_links":{"self":[{"href":"https:\/\/laage-online.de\/index.php?rest_route=\/wp\/v2\/posts\/7892","targetHints":{"allow":["GET"]}}],"collection":[{"href":"https:\/\/laage-online.de\/index.php?rest_route=\/wp\/v2\/posts"}],"about":[{"href":"https:\/\/laage-online.de\/index.php?rest_route=\/wp\/v2\/types\/post"}],"author":[{"embeddable":true,"href":"https:\/\/laage-online.de\/index.php?rest_route=\/wp\/v2\/users\/12"}],"replies":[{"embeddable":true,"href":"https:\/\/laage-online.de\/index.php?rest_route=%2Fwp%2Fv2%2Fcomments&post=7892"}],"version-history":[{"count":1,"href":"https:\/\/laage-online.de\/index.php?rest_route=\/wp\/v2\/posts\/7892\/revisions"}],"predecessor-version":[{"id":7894,"href":"https:\/\/laage-online.de\/index.php?rest_route=\/wp\/v2\/posts\/7892\/revisions\/7894"}],"wp:attachment":[{"href":"https:\/\/laage-online.de\/index.php?rest_route=%2Fwp%2Fv2%2Fmedia&parent=7892"}],"wp:term":[{"taxonomy":"category","embeddable":true,"href":"https:\/\/laage-online.de\/index.php?rest_route=%2Fwp%2Fv2%2Fcategories&post=7892"},{"taxonomy":"post_tag","embeddable":true,"href":"https:\/\/laage-online.de\/index.php?rest_route=%2Fwp%2Fv2%2Ftags&post=7892"}],"curies":[{"name":"wp","href":"https:\/\/api.w.org\/{rel}","templated":true}]}}