{"id":8051,"date":"2023-01-08T09:39:49","date_gmt":"2023-01-08T08:39:49","guid":{"rendered":"https:\/\/laage-online.de\/?p=8051"},"modified":"2023-01-08T09:39:49","modified_gmt":"2023-01-08T08:39:49","slug":"johanna-und-lennox-in-der-deutschen-jahresbestenliste-aufgefuehrt","status":"publish","type":"post","link":"https:\/\/laage-online.de\/?p=8051","title":{"rendered":"Johanna und Lennox in der Deutschen Jahresbestenliste aufgef\u00fchrt"},"content":{"rendered":"<p style=\"margin-bottom: 9.75pt;\"><span style=\"font-size: 14.0pt; font-family: 'Arial',sans-serif;\">Am 3.September 2022 lief die 14-j\u00e4hrige Laager Nachwuchsl\u00e4uferin, Johanna Heuck, im Zuge eines Cup-Laufes in Waren einem furiosen 5 Kilometer Lauf. Nach sehr guten 21,39 Minuten stoppte f\u00fcr die Sch\u00fclerin die Uhr und schon in diesem Moment wusste ihr \u00dcbungsleiter, dass noch nie eine 14-j\u00e4hrige Laager L\u00e4uferin so schnell war. Die Best\u00e4tigung f\u00fcr dieses Gef\u00fchl erhielten die Verantwortlichen und Johanna bei der k\u00fcrzlich ver\u00f6ffentlichten Jahresbestenliste des Deutschen-Leichtathletik-Verbandes.<\/span><\/p>\n<figure id=\"attachment_8052\" aria-describedby=\"caption-attachment-8052\" style=\"width: 474px\" class=\"wp-caption aligncenter\"><a href=\"https:\/\/laage-online.de\/wp-content\/uploads\/2023\/01\/lennox-und-johanna-h_.jpg\"><img loading=\"lazy\" decoding=\"async\" class=\"size-large wp-image-8052\" src=\"https:\/\/laage-online.de\/wp-content\/uploads\/2023\/01\/lennox-und-johanna-h_-1024x768.jpg\" alt=\"\" width=\"474\" height=\"356\" srcset=\"https:\/\/laage-online.de\/wp-content\/uploads\/2023\/01\/lennox-und-johanna-h_-1024x768.jpg 1024w, https:\/\/laage-online.de\/wp-content\/uploads\/2023\/01\/lennox-und-johanna-h_-300x225.jpg 300w, https:\/\/laage-online.de\/wp-content\/uploads\/2023\/01\/lennox-und-johanna-h_-768x576.jpg 768w, https:\/\/laage-online.de\/wp-content\/uploads\/2023\/01\/lennox-und-johanna-h_-1536x1152.jpg 1536w, https:\/\/laage-online.de\/wp-content\/uploads\/2023\/01\/lennox-und-johanna-h_.jpg 1600w\" sizes=\"auto, (max-width: 474px) 100vw, 474px\" \/><\/a><figcaption id=\"caption-attachment-8052\" class=\"wp-caption-text\">Lennox und Johanna. Foto: Stache<\/figcaption><\/figure>\n<p style=\"margin-bottom: 9.75pt;\"><span style=\"font-size: 14.0pt; font-family: 'Arial',sans-serif;\"><br \/>\nJohanna Heuck steht mit ihrer in diesem Jahr gelaufenen 5 km-Zeit an 35. Stelle in Deutschland. Vier Wochen sp\u00e4ter, am 09.Oktober 2022, nutzte der damals noch 12-j\u00e4hrige Lennox Raith die Gelegenheit f\u00fcr sein Rennen des Jahres. Nach 19,37 Minuten stoppte f\u00fcr den Athleten die Uhr bei den Landesmeisterschaften im Stra\u00dfenlauf in Lubmin. Mit dieser herausragenden Leistung durfte sich der in Breesen lebende Sch\u00fcler \u00fcber einen Eintrag in die Deutsche Bestenliste freuen. F\u00fcr Johanna und f\u00fcr Lennox ist das die Best\u00e4tigung ihres Talents und des flei\u00dfigen Trainings. F\u00fcr das Trainerteam ist es der Beweis, dass mit viel Engagement und sprichw\u00f6rtlicher Ausdauer einiges m\u00f6glich ist.<br \/>\nEs spiegelt sich unmissverst\u00e4ndlich die Ausgewogenheit zwischen Schulsport und einem dosierten Leistungsanspruch wider. Dazu gesellt sich auch die Durchsetzung innovativer Trainingskonzepte. Letztendlich trainieren die M\u00e4dchen und Jungen nur zwei Mal in der Woche. Interessierte k\u00f6nnen unter folgendem Link Einblick in die Bestenliste nehmen: <\/span><a href=\"https:\/\/deref-web.de\/mail\/client\/7eo5R8_KOno\/dereferrer\/?redirectUrl=http%3A%2F%2Fwww.leichtathletik.de%2FErgebnisse%2FBestenlisten\" target=\"_blank\" rel=\"noopener\"><span style=\"font-size: 14.0pt; font-family: 'Arial',sans-serif;\">www.leichtathletik.de\/Ergebnisse\/Bestenlisten<\/span><\/a><span style=\"font-size: 14.0pt; font-family: 'Arial',sans-serif;\"><\/p>\n<p>AST<\/span><\/p>\n","protected":false},"excerpt":{"rendered":"<p>Am 3.September 2022 lief die 14-j\u00e4hrige Laager Nachwuchsl\u00e4uferin, Johanna Heuck, im Zuge eines Cup-Laufes in Waren einem furiosen 5 Kilometer Lauf. Nach sehr guten 21,39 Minuten stoppte f\u00fcr die Sch\u00fclerin &hellip; <a href=\"https:\/\/laage-online.de\/?p=8051\" class=\"more-link\"><span class=\"screen-reader-text\">Johanna und Lennox in der Deutschen Jahresbestenliste aufgef\u00fchrt<\/span> weiterlesen <span class=\"meta-nav\">&rarr;<\/span><\/a><\/p>\n","protected":false},"author":12,"featured_media":0,"comment_status":"closed","ping_status":"open","sticky":false,"template":"","format":"standard","meta":{"footnotes":""},"categories":[12,5,6],"tags":[],"class_list":["post-8051","post","type-post","status-publish","format-standard","hentry","category-bemerkenswertes","category-sport-und-gesundheit","category-vor-ort-und-region"],"_links":{"self":[{"href":"https:\/\/laage-online.de\/index.php?rest_route=\/wp\/v2\/posts\/8051","targetHints":{"allow":["GET"]}}],"collection":[{"href":"https:\/\/laage-online.de\/index.php?rest_route=\/wp\/v2\/posts"}],"about":[{"href":"https:\/\/laage-online.de\/index.php?rest_route=\/wp\/v2\/types\/post"}],"author":[{"embeddable":true,"href":"https:\/\/laage-online.de\/index.php?rest_route=\/wp\/v2\/users\/12"}],"replies":[{"embeddable":true,"href":"https:\/\/laage-online.de\/index.php?rest_route=%2Fwp%2Fv2%2Fcomments&post=8051"}],"version-history":[{"count":1,"href":"https:\/\/laage-online.de\/index.php?rest_route=\/wp\/v2\/posts\/8051\/revisions"}],"predecessor-version":[{"id":8053,"href":"https:\/\/laage-online.de\/index.php?rest_route=\/wp\/v2\/posts\/8051\/revisions\/8053"}],"wp:attachment":[{"href":"https:\/\/laage-online.de\/index.php?rest_route=%2Fwp%2Fv2%2Fmedia&parent=8051"}],"wp:term":[{"taxonomy":"category","embeddable":true,"href":"https:\/\/laage-online.de\/index.php?rest_route=%2Fwp%2Fv2%2Fcategories&post=8051"},{"taxonomy":"post_tag","embeddable":true,"href":"https:\/\/laage-online.de\/index.php?rest_route=%2Fwp%2Fv2%2Ftags&post=8051"}],"curies":[{"name":"wp","href":"https:\/\/api.w.org\/{rel}","templated":true}]}}