{"id":8089,"date":"2023-02-08T10:45:02","date_gmt":"2023-02-08T09:45:02","guid":{"rendered":"https:\/\/laage-online.de\/?p=8089"},"modified":"2023-02-08T10:45:02","modified_gmt":"2023-02-08T09:45:02","slug":"winterlauf-fuer-die-mitglieder-organisiert","status":"publish","type":"post","link":"https:\/\/laage-online.de\/?p=8089","title":{"rendered":"Winterlauf f\u00fcr die Mitglieder organisiert"},"content":{"rendered":"<p style=\"margin-bottom: 9.75pt;\"><span style=\"font-size: 14.0pt; font-family: 'Arial',sans-serif;\">Zu einem Vereinsinternen Winterlauf trafen sich mehr als vierzig Ausdauersportler der Laager Laufgruppe am 1.Feriensonntag der diesj\u00e4hrigen Winterferien. Bei kaltem, aber sonnigem Wetter starteten die L\u00e4uferinnen und L\u00e4ufer und eine Handvoll Walker durch das typisch urige Mecklenburg. Einige erlebten den Lauf als Saisoneinstieg und waren richtig aufgeregt. W\u00e4hrend \u00a0die ambitionierteren Athletinnen und Athleten \u00a0Trainingskilometer abspulten und die pers\u00f6nlichen Saisonziele nicht aus den Augen verloren. Der Lauf selbst, f\u00fchlte sich aber f\u00fcr alle gleicherma\u00dfen an. Lange Anstiege und darauffolgende Bergabl\u00e4ufe, verwurzelte Abschnitte und auch sandige Passagen, die W\u00e4lder und Felder zwischen Liessow und Rossewitz hatten den Ausdauerenthusiasten einiges zu bieten, so dass es im Ziel dann viel zu berichten gab. Aber egal, ob es die 5 Kilometer Distanz war oder auch die doppelt so lange \u00fcber 10 Kilometer, alle waren sichtlich platt aber auch sehr stolz.<\/span><\/p>\n<figure id=\"attachment_8090\" aria-describedby=\"caption-attachment-8090\" style=\"width: 474px\" class=\"wp-caption aligncenter\"><a href=\"https:\/\/laage-online.de\/wp-content\/uploads\/2023\/02\/winterlauf-23.jpg\"><img loading=\"lazy\" decoding=\"async\" class=\"size-large wp-image-8090\" src=\"https:\/\/laage-online.de\/wp-content\/uploads\/2023\/02\/winterlauf-23-1024x768.jpg\" alt=\"\" width=\"474\" height=\"356\" srcset=\"https:\/\/laage-online.de\/wp-content\/uploads\/2023\/02\/winterlauf-23-1024x768.jpg 1024w, https:\/\/laage-online.de\/wp-content\/uploads\/2023\/02\/winterlauf-23-300x225.jpg 300w, https:\/\/laage-online.de\/wp-content\/uploads\/2023\/02\/winterlauf-23-768x576.jpg 768w, https:\/\/laage-online.de\/wp-content\/uploads\/2023\/02\/winterlauf-23-1536x1152.jpg 1536w, https:\/\/laage-online.de\/wp-content\/uploads\/2023\/02\/winterlauf-23.jpg 1600w\" sizes=\"auto, (max-width: 474px) 100vw, 474px\" \/><\/a><figcaption id=\"caption-attachment-8090\" class=\"wp-caption-text\">Das Foto zeigt die geehrten Sportlerinnen und Sportler. Foto: Andr\u00e9 Stache<\/figcaption><\/figure>\n<p style=\"margin-bottom: 9.75pt;\"><span style=\"font-size: 14.0pt; font-family: 'Arial',sans-serif;\">Im Zuge der Veranstaltung, die von Familien des Vereins mit einer Soljanka, Grillw\u00fcrsten, hei\u00dfem Apfelsaft und Kuchen perfekt organisiert war, erfuhren die Sieger und Podestplatzierten der Altersklassenwertungen des zur\u00fcckliegenden Laufcupjahres eine besondere Ehre. Ihnen wurden unter dem Beifall aller Anwesenden ihre Siegerpokale \u00fcberreicht. Ebenfalls geehrt wurden die Teilnehmer der zur\u00fcckliegenden Hallenlandesmeisterschaften. Sie erhielten einen personalisierten Pokal mit der Best\u00e4tigung ihrer Leistungen.<\/p>\n<p>SC Laage<\/span><\/p>\n","protected":false},"excerpt":{"rendered":"<p>Zu einem Vereinsinternen Winterlauf trafen sich mehr als vierzig Ausdauersportler der Laager Laufgruppe am 1.Feriensonntag der diesj\u00e4hrigen Winterferien. Bei kaltem, aber sonnigem Wetter starteten die L\u00e4uferinnen und L\u00e4ufer und eine &hellip; <a href=\"https:\/\/laage-online.de\/?p=8089\" class=\"more-link\"><span class=\"screen-reader-text\">Winterlauf f\u00fcr die Mitglieder organisiert<\/span> weiterlesen <span class=\"meta-nav\">&rarr;<\/span><\/a><\/p>\n","protected":false},"author":12,"featured_media":0,"comment_status":"closed","ping_status":"open","sticky":false,"template":"","format":"standard","meta":{"footnotes":""},"categories":[5,6],"tags":[],"class_list":["post-8089","post","type-post","status-publish","format-standard","hentry","category-sport-und-gesundheit","category-vor-ort-und-region"],"_links":{"self":[{"href":"https:\/\/laage-online.de\/index.php?rest_route=\/wp\/v2\/posts\/8089","targetHints":{"allow":["GET"]}}],"collection":[{"href":"https:\/\/laage-online.de\/index.php?rest_route=\/wp\/v2\/posts"}],"about":[{"href":"https:\/\/laage-online.de\/index.php?rest_route=\/wp\/v2\/types\/post"}],"author":[{"embeddable":true,"href":"https:\/\/laage-online.de\/index.php?rest_route=\/wp\/v2\/users\/12"}],"replies":[{"embeddable":true,"href":"https:\/\/laage-online.de\/index.php?rest_route=%2Fwp%2Fv2%2Fcomments&post=8089"}],"version-history":[{"count":1,"href":"https:\/\/laage-online.de\/index.php?rest_route=\/wp\/v2\/posts\/8089\/revisions"}],"predecessor-version":[{"id":8091,"href":"https:\/\/laage-online.de\/index.php?rest_route=\/wp\/v2\/posts\/8089\/revisions\/8091"}],"wp:attachment":[{"href":"https:\/\/laage-online.de\/index.php?rest_route=%2Fwp%2Fv2%2Fmedia&parent=8089"}],"wp:term":[{"taxonomy":"category","embeddable":true,"href":"https:\/\/laage-online.de\/index.php?rest_route=%2Fwp%2Fv2%2Fcategories&post=8089"},{"taxonomy":"post_tag","embeddable":true,"href":"https:\/\/laage-online.de\/index.php?rest_route=%2Fwp%2Fv2%2Ftags&post=8089"}],"curies":[{"name":"wp","href":"https:\/\/api.w.org\/{rel}","templated":true}]}}