{"id":8161,"date":"2023-03-31T16:01:20","date_gmt":"2023-03-31T14:01:20","guid":{"rendered":"https:\/\/laage-online.de\/?p=8161"},"modified":"2023-03-31T16:01:20","modified_gmt":"2023-03-31T14:01:20","slug":"laager-soldat-mit-dankurkunde-bedacht","status":"publish","type":"post","link":"https:\/\/laage-online.de\/?p=8161","title":{"rendered":"Laager Soldat mit Dankurkunde bedacht"},"content":{"rendered":"<p style=\"margin: 5.0pt 0cm 9.75pt 4.8pt;\"><span style=\"font-size: 14.0pt; font-family: 'Arial',sans-serif;\">Im Zuge des monatlich stattfindenden Gottesdienstes wurde dem Oberstabsfeldwebel Manfred Spelinski, in den R\u00e4umen des Evangelischen Milit\u00e4rpfarramtes Laage, eine ganz besondere Ehre zuteil. Aus den H\u00e4nden des Standortpfarrers f\u00fcr den Fliegerhorst in Laage, Milit\u00e4rdekan Martin J\u00fcrgens, erhielt der 56-j\u00e4hrige Berufssoldat die Dankurkunde des Evangelischen Milit\u00e4rgeneraldekans, Matthias Heimer.<\/span><\/p>\n<figure id=\"attachment_8162\" aria-describedby=\"caption-attachment-8162\" style=\"width: 474px\" class=\"wp-caption aligncenter\"><a href=\"https:\/\/laage-online.de\/wp-content\/uploads\/2023\/03\/spille-foto1984.jpg\"><img loading=\"lazy\" decoding=\"async\" class=\"size-large wp-image-8162\" src=\"https:\/\/laage-online.de\/wp-content\/uploads\/2023\/03\/spille-foto1984-1024x768.jpg\" alt=\"\" width=\"474\" height=\"356\" srcset=\"https:\/\/laage-online.de\/wp-content\/uploads\/2023\/03\/spille-foto1984-1024x768.jpg 1024w, https:\/\/laage-online.de\/wp-content\/uploads\/2023\/03\/spille-foto1984-300x225.jpg 300w, https:\/\/laage-online.de\/wp-content\/uploads\/2023\/03\/spille-foto1984-768x576.jpg 768w, https:\/\/laage-online.de\/wp-content\/uploads\/2023\/03\/spille-foto1984-1536x1152.jpg 1536w, https:\/\/laage-online.de\/wp-content\/uploads\/2023\/03\/spille-foto1984.jpg 1600w\" sizes=\"auto, (max-width: 474px) 100vw, 474px\" \/><\/a><figcaption id=\"caption-attachment-8162\" class=\"wp-caption-text\">Das Foto zeigt Manfred Spelinski und Milit\u00e4rdekan J\u00fcrgens. Foto: Andr\u00e9 Stache<\/figcaption><\/figure>\n<p style=\"margin: 5.0pt 0cm 9.75pt 4.8pt;\"><span style=\"font-size: 14.0pt; font-family: 'Arial',sans-serif;\">Seit nun schon 15 Jahren hat der geb\u00fcrtige Brandenburger die Arbeit des Evangelischen Milit\u00e4rpfarramtes Laage zuverl\u00e4ssig und engagiert mit vielen guten Taten unterst\u00fctzt. Milit\u00e4rdekan Martin J\u00fcrgens sagte im Zuge der Auszeichnung: \u201cDie repr\u00e4sentative Urkunde und das dazugeh\u00f6rige Pr\u00e4sent sind ein Akt der Wertsch\u00e4tzung Deiner langj\u00e4hrigen T\u00e4tigkeit. Die Ehrung soll aber auch dahingehend verstanden werden, dass Dein stilles Engagement und die wertvolle Arbeit der vielen flei\u00dfigen Menschen in der Bundeswehr durchaus gesehen wird.\u201c<\/p>\n<p>Andr\u00e9 Stache, Pfarrhelfer beim Evangelischen Milit\u00e4rpfarramt in Laage<\/span><\/p>\n","protected":false},"excerpt":{"rendered":"<p>Im Zuge des monatlich stattfindenden Gottesdienstes wurde dem Oberstabsfeldwebel Manfred Spelinski, in den R\u00e4umen des Evangelischen Milit\u00e4rpfarramtes Laage, eine ganz besondere Ehre zuteil. Aus den H\u00e4nden des Standortpfarrers f\u00fcr den &hellip; <a href=\"https:\/\/laage-online.de\/?p=8161\" class=\"more-link\"><span class=\"screen-reader-text\">Laager Soldat mit Dankurkunde bedacht<\/span> weiterlesen <span class=\"meta-nav\">&rarr;<\/span><\/a><\/p>\n","protected":false},"author":12,"featured_media":0,"comment_status":"closed","ping_status":"open","sticky":false,"template":"","format":"standard","meta":{"footnotes":""},"categories":[12,13,18,6],"tags":[],"class_list":["post-8161","post","type-post","status-publish","format-standard","hentry","category-bemerkenswertes","category-kirche","category-reservistenkameradschaft","category-vor-ort-und-region"],"_links":{"self":[{"href":"https:\/\/laage-online.de\/index.php?rest_route=\/wp\/v2\/posts\/8161","targetHints":{"allow":["GET"]}}],"collection":[{"href":"https:\/\/laage-online.de\/index.php?rest_route=\/wp\/v2\/posts"}],"about":[{"href":"https:\/\/laage-online.de\/index.php?rest_route=\/wp\/v2\/types\/post"}],"author":[{"embeddable":true,"href":"https:\/\/laage-online.de\/index.php?rest_route=\/wp\/v2\/users\/12"}],"replies":[{"embeddable":true,"href":"https:\/\/laage-online.de\/index.php?rest_route=%2Fwp%2Fv2%2Fcomments&post=8161"}],"version-history":[{"count":1,"href":"https:\/\/laage-online.de\/index.php?rest_route=\/wp\/v2\/posts\/8161\/revisions"}],"predecessor-version":[{"id":8163,"href":"https:\/\/laage-online.de\/index.php?rest_route=\/wp\/v2\/posts\/8161\/revisions\/8163"}],"wp:attachment":[{"href":"https:\/\/laage-online.de\/index.php?rest_route=%2Fwp%2Fv2%2Fmedia&parent=8161"}],"wp:term":[{"taxonomy":"category","embeddable":true,"href":"https:\/\/laage-online.de\/index.php?rest_route=%2Fwp%2Fv2%2Fcategories&post=8161"},{"taxonomy":"post_tag","embeddable":true,"href":"https:\/\/laage-online.de\/index.php?rest_route=%2Fwp%2Fv2%2Ftags&post=8161"}],"curies":[{"name":"wp","href":"https:\/\/api.w.org\/{rel}","templated":true}]}}