{"id":8183,"date":"2023-04-11T20:04:57","date_gmt":"2023-04-11T18:04:57","guid":{"rendered":"https:\/\/laage-online.de\/?p=8183"},"modified":"2023-04-11T20:04:57","modified_gmt":"2023-04-11T18:04:57","slug":"ostern-auf-dem-fliegerhorst-3","status":"publish","type":"post","link":"https:\/\/laage-online.de\/?p=8183","title":{"rendered":"Ostern auf dem Fliegerhorst"},"content":{"rendered":"<p style=\"margin: 5.0pt 0cm 9.75pt 35.4pt;\"><span style=\"font-size: 14.0pt; font-family: 'Arial',sans-serif;\">Seit mehreren Jahren treffen sich am Ostersonntagmorgen Familien auf dem Laager Fliegerhorst, um miteinander einen Gottesdienst \u00a0zu feiern und im Anschluss\u00a0 Zeit gemeinsam zu verbringen. Und schon auf dem Weg zur Andacht konnten die Aufmerksamen unter den G\u00e4sten die Entfaltung und den ganzen Zauber der Sch\u00f6pfung genie\u00dfen, denn der Fr\u00fchling pr\u00e4sentierte sich in seiner Pracht. In den R\u00e4umen des Evangelischen Milit\u00e4rpfarramtes pulsierte indes das Leben, denn in diesem Jahr hatten, nachdem Ruf der Fliegerhorst- Glocke, mehr als drei\u00dfig Andachtsg\u00e4ste in der Kapelle des Evangelischen Milit\u00e4rpfarramtes Platz genommen und lie\u00dfen sich in den Bann des Osterfestes ziehen.<\/span><\/p>\n<figure id=\"attachment_8184\" aria-describedby=\"caption-attachment-8184\" style=\"width: 474px\" class=\"wp-caption aligncenter\"><a href=\"https:\/\/laage-online.de\/wp-content\/uploads\/2023\/04\/Oster-Godi-23.jpg\"><img loading=\"lazy\" decoding=\"async\" class=\"size-large wp-image-8184\" src=\"https:\/\/laage-online.de\/wp-content\/uploads\/2023\/04\/Oster-Godi-23-1024x768.jpg\" alt=\"\" width=\"474\" height=\"356\" srcset=\"https:\/\/laage-online.de\/wp-content\/uploads\/2023\/04\/Oster-Godi-23-1024x768.jpg 1024w, https:\/\/laage-online.de\/wp-content\/uploads\/2023\/04\/Oster-Godi-23-300x225.jpg 300w, https:\/\/laage-online.de\/wp-content\/uploads\/2023\/04\/Oster-Godi-23-768x576.jpg 768w, https:\/\/laage-online.de\/wp-content\/uploads\/2023\/04\/Oster-Godi-23-1536x1152.jpg 1536w, https:\/\/laage-online.de\/wp-content\/uploads\/2023\/04\/Oster-Godi-23.jpg 1600w\" sizes=\"auto, (max-width: 474px) 100vw, 474px\" \/><\/a><figcaption id=\"caption-attachment-8184\" class=\"wp-caption-text\">Foto: Andr\u00e9 Stache<\/figcaption><\/figure>\n<p style=\"margin: 5.0pt 0cm 9.75pt 35.4pt;\"><span style=\"font-size: 14.0pt; font-family: 'Arial',sans-serif;\">Milit\u00e4rdekan Martin J\u00fcrgens hatte seine Ausf\u00fchrungen mit Symbolik und wundersch\u00f6ner Piano-Musik, gespielt von Florian L\u00fcbs, untermalt und damit die Aufmerksamkeit aller Anwesenden auf seiner Seite. Gemeinsam wurde gesungen, gebetet und die Auferstehung mit all seinen Facetten betrachtet.<br \/>\nDen Abschluss der Andacht nutzte Milit\u00e4rdekan J\u00fcrgens, um jeden Andachtsteilnehmer als Erinnerung und Symbol f\u00fcr das Fest eine Osterkerze und f\u00fcr die Kinder ein Schoko -Osterlamm zu \u00fcberreichen.<br \/>\nNach einem deftigen Brunch, an dem sich die Andachtsteilnehmer durch das Mitbringen verschiedenster Leckereien beteiligt hatten, sa\u00dfen alle noch einige Stunden beisammen und philosophierten \u00fcber Gott, die Welt und das Osterfest.<br \/>\nF\u00fcr die anwesenden Kinder wurde es am sp\u00e4ten Vormittag noch einmal richtig \u201eanstrengend\u201c.<br \/>\nNachdem diese gemeinsam Osterk\u00f6rbe gebastelt hatten, wurden die buntbemalten Ostereier gesucht, die der Osterhase zuvor versteckt hatte. In Zusammenarbeit mit der milit\u00e4rischen F\u00fchrung des Fliegerhorstes war die \u00a0traditionelle\u00a0 Osterandacht am Vormittag des Ostersonntags\u00a0 wieder ein sch\u00f6nes Erlebnis f\u00fcr Soldaten, Zivilbedienstete, Familienangeh\u00f6rige derer und Freunde der Milit\u00e4rseelsorge. Daf\u00fcr gilt hier den Verantwortlichen und den flei\u00dfigen Helfern ein ganz gro\u00dfes Dankesch\u00f6n.<\/span><\/p>\n<p style=\"margin: 5.0pt 0cm 9.75pt 35.4pt;\"><span style=\"font-size: 14.0pt; font-family: 'Arial',sans-serif;\">Andr\u00e9 Stache,<br \/>\nPfarrhelfer beim Evangelischen Milit\u00e4rpfarramt in Laage<\/span><\/p>\n","protected":false},"excerpt":{"rendered":"<p>Seit mehreren Jahren treffen sich am Ostersonntagmorgen Familien auf dem Laager Fliegerhorst, um miteinander einen Gottesdienst \u00a0zu feiern und im Anschluss\u00a0 Zeit gemeinsam zu verbringen. Und schon auf dem Weg &hellip; <a href=\"https:\/\/laage-online.de\/?p=8183\" class=\"more-link\"><span class=\"screen-reader-text\">Ostern auf dem Fliegerhorst<\/span> weiterlesen <span class=\"meta-nav\">&rarr;<\/span><\/a><\/p>\n","protected":false},"author":12,"featured_media":0,"comment_status":"closed","ping_status":"open","sticky":false,"template":"","format":"standard","meta":{"footnotes":""},"categories":[12,13,18,6],"tags":[],"class_list":["post-8183","post","type-post","status-publish","format-standard","hentry","category-bemerkenswertes","category-kirche","category-reservistenkameradschaft","category-vor-ort-und-region"],"_links":{"self":[{"href":"https:\/\/laage-online.de\/index.php?rest_route=\/wp\/v2\/posts\/8183","targetHints":{"allow":["GET"]}}],"collection":[{"href":"https:\/\/laage-online.de\/index.php?rest_route=\/wp\/v2\/posts"}],"about":[{"href":"https:\/\/laage-online.de\/index.php?rest_route=\/wp\/v2\/types\/post"}],"author":[{"embeddable":true,"href":"https:\/\/laage-online.de\/index.php?rest_route=\/wp\/v2\/users\/12"}],"replies":[{"embeddable":true,"href":"https:\/\/laage-online.de\/index.php?rest_route=%2Fwp%2Fv2%2Fcomments&post=8183"}],"version-history":[{"count":1,"href":"https:\/\/laage-online.de\/index.php?rest_route=\/wp\/v2\/posts\/8183\/revisions"}],"predecessor-version":[{"id":8185,"href":"https:\/\/laage-online.de\/index.php?rest_route=\/wp\/v2\/posts\/8183\/revisions\/8185"}],"wp:attachment":[{"href":"https:\/\/laage-online.de\/index.php?rest_route=%2Fwp%2Fv2%2Fmedia&parent=8183"}],"wp:term":[{"taxonomy":"category","embeddable":true,"href":"https:\/\/laage-online.de\/index.php?rest_route=%2Fwp%2Fv2%2Fcategories&post=8183"},{"taxonomy":"post_tag","embeddable":true,"href":"https:\/\/laage-online.de\/index.php?rest_route=%2Fwp%2Fv2%2Ftags&post=8183"}],"curies":[{"name":"wp","href":"https:\/\/api.w.org\/{rel}","templated":true}]}}