{"id":8287,"date":"2023-07-14T11:40:52","date_gmt":"2023-07-14T09:40:52","guid":{"rendered":"https:\/\/laage-online.de\/?p=8287"},"modified":"2023-07-14T11:40:52","modified_gmt":"2023-07-14T09:40:52","slug":"reservisten-im-regen-austausch","status":"publish","type":"post","link":"https:\/\/laage-online.de\/?p=8287","title":{"rendered":"Reservisten im regen Austausch"},"content":{"rendered":"<p style=\"margin-bottom: 8.25pt;\"><span style=\"font-size: 14.0pt; font-family: 'Arial',sans-serif;\">Gute und funktionierende Reservistenarbeit kann nur in einem offenen Transfer existieren. Durch das Aussetzen der Wehrpflicht gewinnt die Reserve an Bedeutung f\u00fcr einen der jeweiligen Lage angepassten Aufwuchs der Streitkr\u00e4fte. Zudem w\u00e4chst durch ihre Pr\u00e4senz in der gesamten Bundesrepublik Deutschland ihre Bedeutung als Mittler zwischen Bundeswehr und Gesellschaft. Besonders die gegenseitige M\u00f6glichkeit von Informationsveranstaltungen schafft die Grundlagen f\u00fcr eine moderne Reservistenarbeit. Der Austausch von Erfahrungen und Fachexpertisen sind die Anf\u00e4nge f\u00fcr zeitgem\u00e4\u00dfe Arbeit in den Reservistenkameradschaften unserer Zeit. In Laage nutzte die Reservistenkameradschaft des Fliegerhorstes die M\u00f6glichkeit zu einem intensiven Arbeitstausch mit Kameraden der Reservistenkameradschaft Leipzig-Leutzsch. Die Kameraden hatten um einen offiziellen Besuch auf dem Fliegerhorst gebeten, der ihnen von der milit\u00e4rischen F\u00fchrung auch gew\u00e4hrt wurde. Nach einer F\u00fchrung \u00fcber den Fliegerhorst und dem Besuch der Milit\u00e4rgeschichtlichen Sammlung des Verbandes entwickelte sich in den R\u00e4umen des Evangelischen Milit\u00e4rpfarramtes Laage sehr schnell eine offene und transparente Atmosph\u00e4re. In lockeren Gespr\u00e4chen wurde selbstverst\u00e4ndlich auch zur Arbeit der Evangelischen Milit\u00e4rseelsorge Auskunft erteilt und Vorurteile abgebaut.<\/span><\/p>\n<figure id=\"attachment_8288\" aria-describedby=\"caption-attachment-8288\" style=\"width: 474px\" class=\"wp-caption aligncenter\"><a href=\"https:\/\/laage-online.de\/wp-content\/uploads\/2023\/07\/RK-Treff-4-Juni-232985.jpg\"><img loading=\"lazy\" decoding=\"async\" class=\"size-large wp-image-8288\" src=\"https:\/\/laage-online.de\/wp-content\/uploads\/2023\/07\/RK-Treff-4-Juni-232985-1024x613.jpg\" alt=\"\" width=\"474\" height=\"284\" srcset=\"https:\/\/laage-online.de\/wp-content\/uploads\/2023\/07\/RK-Treff-4-Juni-232985-1024x613.jpg 1024w, https:\/\/laage-online.de\/wp-content\/uploads\/2023\/07\/RK-Treff-4-Juni-232985-300x180.jpg 300w, https:\/\/laage-online.de\/wp-content\/uploads\/2023\/07\/RK-Treff-4-Juni-232985-768x460.jpg 768w, https:\/\/laage-online.de\/wp-content\/uploads\/2023\/07\/RK-Treff-4-Juni-232985-1536x920.jpg 1536w, https:\/\/laage-online.de\/wp-content\/uploads\/2023\/07\/RK-Treff-4-Juni-232985.jpg 1600w\" sizes=\"auto, (max-width: 474px) 100vw, 474px\" \/><\/a><figcaption id=\"caption-attachment-8288\" class=\"wp-caption-text\">Hptm Heiko Kr\u00fcger, StFw d.R. Stache, StUffz d.R. Thomas Seidel und der stv. Vorsitzender der RK Leipzig-Leutzsch, StUffz d.R. David H\u00e4ssler. Foto: RK Leipzig<\/figcaption><\/figure>\n<p style=\"margin-bottom: 8.25pt;\"><span style=\"font-size: 14.0pt; font-family: 'Arial',sans-serif;\">Aufgrund des besonderen Engagements ihres Kameraden, Herrn Stabsunteroffizier d. R. Thomas Seidel, der den Kontakt zur Laager Reservistenkameradschaft suchte, wurde das Treffen ein Erfolg, der beide Seiten interessante Einblicke in die jeweilige Arbeit erm\u00f6glichte. Abschlie\u00dfend gilt dem Kommodore des Taktischen Luftwaffengeschwaders, Herrn Oberst Schnell, und seinen Frauen und M\u00e4nnern ein besonderer Dank. Sie schafften die Grundlagen f\u00fcr diese interessante Sicherheitspolitische Veranstaltung.<\/span><\/p>\n<p style=\"margin-bottom: 8.25pt;\"><span style=\"font-size: 14.0pt; font-family: 'Arial',sans-serif;\">Andr\u00e9 Stache, Pfarrhelfer beim Evangelischen Milit\u00e4rpfarramt in Laage<\/span><\/p>\n","protected":false},"excerpt":{"rendered":"<p>Gute und funktionierende Reservistenarbeit kann nur in einem offenen Transfer existieren. Durch das Aussetzen der Wehrpflicht gewinnt die Reserve an Bedeutung f\u00fcr einen der jeweiligen Lage angepassten Aufwuchs der Streitkr\u00e4fte. &hellip; <a href=\"https:\/\/laage-online.de\/?p=8287\" class=\"more-link\"><span class=\"screen-reader-text\">Reservisten im regen Austausch<\/span> weiterlesen <span class=\"meta-nav\">&rarr;<\/span><\/a><\/p>\n","protected":false},"author":12,"featured_media":0,"comment_status":"closed","ping_status":"open","sticky":false,"template":"","format":"standard","meta":{"footnotes":""},"categories":[13,18,6],"tags":[],"class_list":["post-8287","post","type-post","status-publish","format-standard","hentry","category-kirche","category-reservistenkameradschaft","category-vor-ort-und-region"],"_links":{"self":[{"href":"https:\/\/laage-online.de\/index.php?rest_route=\/wp\/v2\/posts\/8287","targetHints":{"allow":["GET"]}}],"collection":[{"href":"https:\/\/laage-online.de\/index.php?rest_route=\/wp\/v2\/posts"}],"about":[{"href":"https:\/\/laage-online.de\/index.php?rest_route=\/wp\/v2\/types\/post"}],"author":[{"embeddable":true,"href":"https:\/\/laage-online.de\/index.php?rest_route=\/wp\/v2\/users\/12"}],"replies":[{"embeddable":true,"href":"https:\/\/laage-online.de\/index.php?rest_route=%2Fwp%2Fv2%2Fcomments&post=8287"}],"version-history":[{"count":1,"href":"https:\/\/laage-online.de\/index.php?rest_route=\/wp\/v2\/posts\/8287\/revisions"}],"predecessor-version":[{"id":8289,"href":"https:\/\/laage-online.de\/index.php?rest_route=\/wp\/v2\/posts\/8287\/revisions\/8289"}],"wp:attachment":[{"href":"https:\/\/laage-online.de\/index.php?rest_route=%2Fwp%2Fv2%2Fmedia&parent=8287"}],"wp:term":[{"taxonomy":"category","embeddable":true,"href":"https:\/\/laage-online.de\/index.php?rest_route=%2Fwp%2Fv2%2Fcategories&post=8287"},{"taxonomy":"post_tag","embeddable":true,"href":"https:\/\/laage-online.de\/index.php?rest_route=%2Fwp%2Fv2%2Ftags&post=8287"}],"curies":[{"name":"wp","href":"https:\/\/api.w.org\/{rel}","templated":true}]}}