{"id":8290,"date":"2023-07-14T11:43:24","date_gmt":"2023-07-14T09:43:24","guid":{"rendered":"https:\/\/laage-online.de\/?p=8290"},"modified":"2023-07-14T11:43:24","modified_gmt":"2023-07-14T09:43:24","slug":"130-jahre-vereinssport-in-laage-sportler-praesentieren-sich","status":"publish","type":"post","link":"https:\/\/laage-online.de\/?p=8290","title":{"rendered":"130 Jahre Vereinssport in Laage &#8211; Sportler pr\u00e4sentieren sich!"},"content":{"rendered":"<p>Bei wundersch\u00f6nem Sommerwetter trafen sich auf Einladung der Stadt Laage weit \u00fcber zweihundert Sportlerinnen und Sportler der Laager Vereine vor dem altehrw\u00fcrdigen Rathaus, um \u00fcber die Breesener Stra\u00dfe zur Recknitzkampfbahn zu ziehen. Mit Fahnen, bunten Birkenstr\u00e4u\u00dfen und diversen Sportger\u00e4ten pr\u00e4sentierten sich die Sch\u00fctzen, Fu\u00df- und Handballer, Volleyballer, L\u00e4ufer und Kegler den B\u00fcrgern und Freunden der Sportstadt Laage in ihren jeweligen Vereinsfarben und Uniformen. Im schmucken Stadion erwartete die Aktiven der B\u00fcrgermeister der Stadt, Holger Anders, um nach einer Schweigeminute f\u00fcr den viel zu fr\u00fch aus dem Leben gerissenen Abteilungsleiter der Volleyballer, Jan R\u00f6sler, mit lobenden Worten die Bedeutung des Jubil\u00e4ums hervorzuheben und auch sportbegeisterte Menschen auf Vorschlag ihrer jeweiligen Vereine mit einer Laudatio und einem personalisiertem Glaspokal zu ehren. Im Stile eines kleinen Volksfestes, mit Grillw\u00fcrsten, Kuchen, Eis und Softgetr\u00e4nken endete der Vormittag. Und alle waren sich einig, dass der &#8222;Vereinsgeburtstag&#8220; w\u00fcrdig gefeiert wurde und bestimmt noch lange in Erinnerung bleiben wird.<br \/>\nast<\/p>\n<figure id=\"attachment_8291\" aria-describedby=\"caption-attachment-8291\" style=\"width: 474px\" class=\"wp-caption aligncenter\"><a href=\"https:\/\/laage-online.de\/wp-content\/uploads\/2023\/07\/ehrung-23-2.jpg\"><img loading=\"lazy\" decoding=\"async\" class=\"size-large wp-image-8291\" src=\"https:\/\/laage-online.de\/wp-content\/uploads\/2023\/07\/ehrung-23-2-1024x765.jpg\" alt=\"\" width=\"474\" height=\"354\" srcset=\"https:\/\/laage-online.de\/wp-content\/uploads\/2023\/07\/ehrung-23-2-1024x765.jpg 1024w, https:\/\/laage-online.de\/wp-content\/uploads\/2023\/07\/ehrung-23-2-300x224.jpg 300w, https:\/\/laage-online.de\/wp-content\/uploads\/2023\/07\/ehrung-23-2-768x574.jpg 768w, https:\/\/laage-online.de\/wp-content\/uploads\/2023\/07\/ehrung-23-2.jpg 1132w\" sizes=\"auto, (max-width: 474px) 100vw, 474px\" \/><\/a><figcaption id=\"caption-attachment-8291\" class=\"wp-caption-text\">Die geehrten Sportler mit dem Laager B\u00fcrgermeister, Holger Anders (li.). Foto: Christine Boldt<\/figcaption><\/figure>\n","protected":false},"excerpt":{"rendered":"<p>Bei wundersch\u00f6nem Sommerwetter trafen sich auf Einladung der Stadt Laage weit \u00fcber zweihundert Sportlerinnen und Sportler der Laager Vereine vor dem altehrw\u00fcrdigen Rathaus, um \u00fcber die Breesener Stra\u00dfe zur Recknitzkampfbahn &hellip; <a href=\"https:\/\/laage-online.de\/?p=8290\" class=\"more-link\"><span class=\"screen-reader-text\">130 Jahre Vereinssport in Laage &#8211; Sportler pr\u00e4sentieren sich!<\/span> weiterlesen <span class=\"meta-nav\">&rarr;<\/span><\/a><\/p>\n","protected":false},"author":12,"featured_media":0,"comment_status":"closed","ping_status":"open","sticky":false,"template":"","format":"standard","meta":{"footnotes":""},"categories":[12,5,6],"tags":[],"class_list":["post-8290","post","type-post","status-publish","format-standard","hentry","category-bemerkenswertes","category-sport-und-gesundheit","category-vor-ort-und-region"],"_links":{"self":[{"href":"https:\/\/laage-online.de\/index.php?rest_route=\/wp\/v2\/posts\/8290","targetHints":{"allow":["GET"]}}],"collection":[{"href":"https:\/\/laage-online.de\/index.php?rest_route=\/wp\/v2\/posts"}],"about":[{"href":"https:\/\/laage-online.de\/index.php?rest_route=\/wp\/v2\/types\/post"}],"author":[{"embeddable":true,"href":"https:\/\/laage-online.de\/index.php?rest_route=\/wp\/v2\/users\/12"}],"replies":[{"embeddable":true,"href":"https:\/\/laage-online.de\/index.php?rest_route=%2Fwp%2Fv2%2Fcomments&post=8290"}],"version-history":[{"count":1,"href":"https:\/\/laage-online.de\/index.php?rest_route=\/wp\/v2\/posts\/8290\/revisions"}],"predecessor-version":[{"id":8292,"href":"https:\/\/laage-online.de\/index.php?rest_route=\/wp\/v2\/posts\/8290\/revisions\/8292"}],"wp:attachment":[{"href":"https:\/\/laage-online.de\/index.php?rest_route=%2Fwp%2Fv2%2Fmedia&parent=8290"}],"wp:term":[{"taxonomy":"category","embeddable":true,"href":"https:\/\/laage-online.de\/index.php?rest_route=%2Fwp%2Fv2%2Fcategories&post=8290"},{"taxonomy":"post_tag","embeddable":true,"href":"https:\/\/laage-online.de\/index.php?rest_route=%2Fwp%2Fv2%2Ftags&post=8290"}],"curies":[{"name":"wp","href":"https:\/\/api.w.org\/{rel}","templated":true}]}}