{"id":8370,"date":"2023-08-30T10:21:15","date_gmt":"2023-08-30T08:21:15","guid":{"rendered":"https:\/\/laage-online.de\/?p=8370"},"modified":"2023-08-30T10:21:15","modified_gmt":"2023-08-30T08:21:15","slug":"sommerfest-der-laager-reservisten-und-dem-eurofighter-ganz-nah","status":"publish","type":"post","link":"https:\/\/laage-online.de\/?p=8370","title":{"rendered":"Sommerfest der Laager Reservisten &#8211; und dem Eurofighter ganz nah"},"content":{"rendered":"<p style=\"margin: 5pt 0cm 8.25pt 35.4pt; text-align: left;\"><span style=\"font-size: 14.0pt; font-family: 'Arial',sans-serif;\">Zu einem rustikalen Sommerfest trafen sich Mitglieder der Reservistenkameradschaft Fliegerhorst Laage auf dem Fliegerhorst der Recknitzstadt. Zuvor bekamen die ehemaligen Soldaten die Gelegenheit, mit ihren Angeh\u00f6rigen und Freunden der Reservistenkameradschaft den Fliegerhorst kennenzulernen. Dazu geh\u00f6rte neben der Busrundreise auf dem imposanten Gel\u00e4nde auch die Besichtigung eines Eurofighters und des Towers. Direkt am hochmodernen Kampfflugzeug begr\u00fc\u00dfte der Kommodore des Verbandes, Herr Oberst Gerd Schnell, die Besuchergruppe und beeindruckte die zu gro\u00dfen Teilen Technik interessierten G\u00e4ste mit Fachexpertise und viel Hintergrundwissen aus erster Hand. Im Anschluss daran f\u00fchrte \u00a0Stabsfeldwebel, Andr\u00e9 Stache, als 1. Vorsitzender der RK Fliegerhorst Laage die Gruppe in die R\u00e4ume des Evangelischen Milit\u00e4rpfarramtes Laage.<\/span><\/p>\n<figure id=\"attachment_8371\" aria-describedby=\"caption-attachment-8371\" style=\"width: 474px\" class=\"wp-caption aligncenter\"><a href=\"https:\/\/laage-online.de\/wp-content\/uploads\/2023\/08\/RK-23-2.jpg\"><img loading=\"lazy\" decoding=\"async\" class=\"size-large wp-image-8371\" src=\"https:\/\/laage-online.de\/wp-content\/uploads\/2023\/08\/RK-23-2-1024x768.jpg\" alt=\"\" width=\"474\" height=\"356\" srcset=\"https:\/\/laage-online.de\/wp-content\/uploads\/2023\/08\/RK-23-2-1024x768.jpg 1024w, https:\/\/laage-online.de\/wp-content\/uploads\/2023\/08\/RK-23-2-300x225.jpg 300w, https:\/\/laage-online.de\/wp-content\/uploads\/2023\/08\/RK-23-2-768x576.jpg 768w, https:\/\/laage-online.de\/wp-content\/uploads\/2023\/08\/RK-23-2-1536x1152.jpg 1536w, https:\/\/laage-online.de\/wp-content\/uploads\/2023\/08\/RK-23-2.jpg 1600w\" sizes=\"auto, (max-width: 474px) 100vw, 474px\" \/><\/a><figcaption id=\"caption-attachment-8371\" class=\"wp-caption-text\">Das Foto zeigt die Gruppe vor dem Eurofighter mit dem Kommodore des Verbandes und MD Martin J\u00fcrgens (l.). Foto: Uwe Krause<\/figcaption><\/figure>\n<p style=\"margin: 5.0pt 0cm 8.25pt 35.4pt;\"><span style=\"font-size: 14.0pt; font-family: 'Arial',sans-serif;\">Im Andachtsraum des Pfarramtes berichtete Milit\u00e4rdekan, Martin J\u00fcrgens, \u00fcber die Arbeit der Milit\u00e4rseelsorge und \u00fcber die Bedeutung der Zusammenarbeit mit den Reservisten.<br \/>\nIn den anschlie\u00dfenden Gespr\u00e4chen wurde immer wieder betont, dass die Reserve in den zur\u00fcckliegenden Jahren, durch das Aussetzen der Wehrpflicht, an Bedeutung f\u00fcr einen lageangepassten Aufwuchs der Streitkr\u00e4fte gewinnt. Reservisten sind damit weiterhin ein wichtiger Bestandteil der Bundeswehr.<br \/>\nUnd die Bedeutung der Reservisten als Mittler zwischen Bundeswehr und Gesellschaft w\u00e4chst in unserem Land. Nach dem offiziellen Teil wurden in lockeren Gespr\u00e4chsrunden Netzwerke gekn\u00fcpft, Interessen ausgetauscht und gemeinsame Pl\u00e4ne geschmiedet. Das Sommerfest verlief in dem Bewusstsein, dass die Betreuung und Pflege der Kameradschaft wichtige S\u00e4ulen im Verbandsleben sind und bleiben.<\/p>\n<p>Andr\u00e9 Stache, Pfarrhelfer beim Evangelischen Milit\u00e4rpfarramt in Laage<\/span><\/p>\n","protected":false},"excerpt":{"rendered":"<p>Zu einem rustikalen Sommerfest trafen sich Mitglieder der Reservistenkameradschaft Fliegerhorst Laage auf dem Fliegerhorst der Recknitzstadt. Zuvor bekamen die ehemaligen Soldaten die Gelegenheit, mit ihren Angeh\u00f6rigen und Freunden der Reservistenkameradschaft &hellip; <a href=\"https:\/\/laage-online.de\/?p=8370\" class=\"more-link\"><span class=\"screen-reader-text\">Sommerfest der Laager Reservisten &#8211; und dem Eurofighter ganz nah<\/span> weiterlesen <span class=\"meta-nav\">&rarr;<\/span><\/a><\/p>\n","protected":false},"author":12,"featured_media":0,"comment_status":"closed","ping_status":"open","sticky":false,"template":"","format":"standard","meta":{"footnotes":""},"categories":[12,13,18,6],"tags":[],"class_list":["post-8370","post","type-post","status-publish","format-standard","hentry","category-bemerkenswertes","category-kirche","category-reservistenkameradschaft","category-vor-ort-und-region"],"_links":{"self":[{"href":"https:\/\/laage-online.de\/index.php?rest_route=\/wp\/v2\/posts\/8370","targetHints":{"allow":["GET"]}}],"collection":[{"href":"https:\/\/laage-online.de\/index.php?rest_route=\/wp\/v2\/posts"}],"about":[{"href":"https:\/\/laage-online.de\/index.php?rest_route=\/wp\/v2\/types\/post"}],"author":[{"embeddable":true,"href":"https:\/\/laage-online.de\/index.php?rest_route=\/wp\/v2\/users\/12"}],"replies":[{"embeddable":true,"href":"https:\/\/laage-online.de\/index.php?rest_route=%2Fwp%2Fv2%2Fcomments&post=8370"}],"version-history":[{"count":1,"href":"https:\/\/laage-online.de\/index.php?rest_route=\/wp\/v2\/posts\/8370\/revisions"}],"predecessor-version":[{"id":8372,"href":"https:\/\/laage-online.de\/index.php?rest_route=\/wp\/v2\/posts\/8370\/revisions\/8372"}],"wp:attachment":[{"href":"https:\/\/laage-online.de\/index.php?rest_route=%2Fwp%2Fv2%2Fmedia&parent=8370"}],"wp:term":[{"taxonomy":"category","embeddable":true,"href":"https:\/\/laage-online.de\/index.php?rest_route=%2Fwp%2Fv2%2Fcategories&post=8370"},{"taxonomy":"post_tag","embeddable":true,"href":"https:\/\/laage-online.de\/index.php?rest_route=%2Fwp%2Fv2%2Ftags&post=8370"}],"curies":[{"name":"wp","href":"https:\/\/api.w.org\/{rel}","templated":true}]}}