{"id":8373,"date":"2023-08-30T10:23:52","date_gmt":"2023-08-30T08:23:52","guid":{"rendered":"https:\/\/laage-online.de\/?p=8373"},"modified":"2023-08-30T10:23:52","modified_gmt":"2023-08-30T08:23:52","slug":"ehre-wem-ehre-gebuert","status":"publish","type":"post","link":"https:\/\/laage-online.de\/?p=8373","title":{"rendered":"Ehre wem Ehre geb\u00fcrt"},"content":{"rendered":"<p style=\"margin: 5.0pt 0cm 8.25pt 40.2pt;\"><span style=\"font-size: 14.0pt; font-family: 'Arial',sans-serif;\">Im Zuge einer Veranstaltung der Reservistenkameradschaft Fliegerhorst Laage wurde<\/span> <span style=\"font-size: 14.0pt; font-family: 'Arial',sans-serif;\">Oberstabsfeldwebel, Uwe Krause, f\u00fcr sein au\u00dfergew\u00f6hnliches Engagement mit der Landesehrennadel des Reservistenverbandes Mecklenburg-Vorpommern ausgezeichnet. Seit vielen Jahren engagiert sich der aktive Pension\u00e4r besonders im Bereich der Zusammenarbeit mit dem Volksbund Deutsche Kriegsgr\u00e4berf\u00fcrsorge. Durch sein aktives Wirken ist dieses Thema in der Garnisonsstadt Laage pr\u00e4sent und die Zusammenarbeit mit der Bundeswehr besonders im Bereich der Kriegsgr\u00e4berpflege in Osteuropa heraustragend.<\/span><\/p>\n<figure id=\"attachment_8374\" aria-describedby=\"caption-attachment-8374\" style=\"width: 474px\" class=\"wp-caption aligncenter\"><a href=\"https:\/\/laage-online.de\/wp-content\/uploads\/2023\/08\/Ehrung-RK-23.jpg\"><img loading=\"lazy\" decoding=\"async\" class=\"size-large wp-image-8374\" src=\"https:\/\/laage-online.de\/wp-content\/uploads\/2023\/08\/Ehrung-RK-23-1024x768.jpg\" alt=\"\" width=\"474\" height=\"356\" srcset=\"https:\/\/laage-online.de\/wp-content\/uploads\/2023\/08\/Ehrung-RK-23-1024x768.jpg 1024w, https:\/\/laage-online.de\/wp-content\/uploads\/2023\/08\/Ehrung-RK-23-300x225.jpg 300w, https:\/\/laage-online.de\/wp-content\/uploads\/2023\/08\/Ehrung-RK-23-768x576.jpg 768w, https:\/\/laage-online.de\/wp-content\/uploads\/2023\/08\/Ehrung-RK-23-1536x1152.jpg 1536w, https:\/\/laage-online.de\/wp-content\/uploads\/2023\/08\/Ehrung-RK-23.jpg 1600w\" sizes=\"auto, (max-width: 474px) 100vw, 474px\" \/><\/a><figcaption id=\"caption-attachment-8374\" class=\"wp-caption-text\">Oberstabsfeldwebel Uwe Krause und Maj-Britt Ludewig. Foto: A.Stache<\/figcaption><\/figure>\n<p style=\"margin: 5.0pt 0cm 8.25pt 40.2pt;\"><span style=\"font-size: 14.0pt; font-family: 'Arial',sans-serif;\">Zudem durfte sich die \u00a0B\u00fcroangestellte des Landesverbandes der Reservisten, Frau Maj-Britt Ludewig, f\u00fcr ihre herausragende Arbeit in Bezug auf ihr Engagement in der Betreuung der Reservistenkameradschaften in der Fl\u00e4che \u00fcber die Ehrenplakette der Reservistenkameradschaft Fliegerhorst Laage freuen.<\/p>\n<p>Andr\u00e9 Stache, Stabsfeldwebel d.R.\u00a0<\/span><\/p>\n","protected":false},"excerpt":{"rendered":"<p>Im Zuge einer Veranstaltung der Reservistenkameradschaft Fliegerhorst Laage wurde Oberstabsfeldwebel, Uwe Krause, f\u00fcr sein au\u00dfergew\u00f6hnliches Engagement mit der Landesehrennadel des Reservistenverbandes Mecklenburg-Vorpommern ausgezeichnet. Seit vielen Jahren engagiert sich der aktive &hellip; <a href=\"https:\/\/laage-online.de\/?p=8373\" class=\"more-link\"><span class=\"screen-reader-text\">Ehre wem Ehre geb\u00fcrt<\/span> weiterlesen <span class=\"meta-nav\">&rarr;<\/span><\/a><\/p>\n","protected":false},"author":12,"featured_media":0,"comment_status":"closed","ping_status":"open","sticky":false,"template":"","format":"standard","meta":{"footnotes":""},"categories":[12,13,18,6],"tags":[],"class_list":["post-8373","post","type-post","status-publish","format-standard","hentry","category-bemerkenswertes","category-kirche","category-reservistenkameradschaft","category-vor-ort-und-region"],"_links":{"self":[{"href":"https:\/\/laage-online.de\/index.php?rest_route=\/wp\/v2\/posts\/8373","targetHints":{"allow":["GET"]}}],"collection":[{"href":"https:\/\/laage-online.de\/index.php?rest_route=\/wp\/v2\/posts"}],"about":[{"href":"https:\/\/laage-online.de\/index.php?rest_route=\/wp\/v2\/types\/post"}],"author":[{"embeddable":true,"href":"https:\/\/laage-online.de\/index.php?rest_route=\/wp\/v2\/users\/12"}],"replies":[{"embeddable":true,"href":"https:\/\/laage-online.de\/index.php?rest_route=%2Fwp%2Fv2%2Fcomments&post=8373"}],"version-history":[{"count":1,"href":"https:\/\/laage-online.de\/index.php?rest_route=\/wp\/v2\/posts\/8373\/revisions"}],"predecessor-version":[{"id":8375,"href":"https:\/\/laage-online.de\/index.php?rest_route=\/wp\/v2\/posts\/8373\/revisions\/8375"}],"wp:attachment":[{"href":"https:\/\/laage-online.de\/index.php?rest_route=%2Fwp%2Fv2%2Fmedia&parent=8373"}],"wp:term":[{"taxonomy":"category","embeddable":true,"href":"https:\/\/laage-online.de\/index.php?rest_route=%2Fwp%2Fv2%2Fcategories&post=8373"},{"taxonomy":"post_tag","embeddable":true,"href":"https:\/\/laage-online.de\/index.php?rest_route=%2Fwp%2Fv2%2Ftags&post=8373"}],"curies":[{"name":"wp","href":"https:\/\/api.w.org\/{rel}","templated":true}]}}