{"id":8376,"date":"2023-09-04T20:24:22","date_gmt":"2023-09-04T18:24:22","guid":{"rendered":"https:\/\/laage-online.de\/?p=8376"},"modified":"2023-09-04T20:24:22","modified_gmt":"2023-09-04T18:24:22","slug":"17-warener-herbstlauf-laufcup-geht-auf-die-zielgerade","status":"publish","type":"post","link":"https:\/\/laage-online.de\/?p=8376","title":{"rendered":"17. Warener Herbstlauf &#8211; Laufcup geht auf die Zielgerade"},"content":{"rendered":"<p style=\"margin-bottom: 9.75pt;\"><span style=\"font-size: 14.0pt; font-family: 'Arial',sans-serif;\">Bei sommerlichen Bedingungen\u00a0 begr\u00fc\u00dften die Organisatoren\u00a0 des M\u00fcritzer Laufsportvereins 04 e.V. Laufsportbegeisterte aus ganz M-V zum 17. Warener Herbstlauf &#8211; rund um den Tiefwarensee und Melzer See. Der Sportclub Laage schickte\u00a0 52 L\u00e4uferinnen und L\u00e4ufer in drei der insgesamt sechs ausgeschriebenen Wettbewerbe und konnte die Konkurrenz absolut beeindrucken.\u00a0 Besonders ragten Ergebnisse der Damenfraktion an diesem Tag heraus. Mit Joelina Raith (1. WJ U23 \/50,28 min), Tatjana Marinova (2.W 50 \/47,11 min), Lena Pommerehne (2. WJ U20 \/ 49,05 min) ihre Schwester Sophie (3.WJ U20 \/ 49,23 min), Sophia Heuck (3.W 40 \/ 47,26 h), Petra Grobbecker (3.W55 \/ 56,10 min) und Sarah Liesegang (3.W30\/1;00,10 h) konnten 7 Frauen des Sportclubs Laage Podestpl\u00e4tze im 10 Kilometer Hauptlauf erk\u00e4mpfen. Nicht unerw\u00e4hnt soll auch die starke Leistung\u00a0 der schnellen M\u00e4nnerfraktion bleiben.<br \/>\nAls schnellster Recknitzst\u00e4dter lief Steffen Schirmer in der Klasse der \u00fcber 35-j\u00e4hrigen M\u00e4nner nach 37,15 Minuten als 1. seiner Altersklasse ins Ziel. Weitere Podestplatzierungen erk\u00e4mpften Ole Reinholdt (1.M30 \/ 38,06 min), Marcel Raith (2.M40 \/ 40,39 min), Dirk Bockelmann (1.M55 \/ 40,46 min)Martin Genkel (3.M40 \/ 40,54 min, Peter Zettl (1.M60 \/ 42,11 min) und Steve G\u00f6hner der in der Hauptklasse der M\u00e4nner nach 46,12 Minuten als 2. ins Ziel lief.<\/span><\/p>\n<figure id=\"attachment_8377\" aria-describedby=\"caption-attachment-8377\" style=\"width: 474px\" class=\"wp-caption aligncenter\"><a href=\"https:\/\/laage-online.de\/wp-content\/uploads\/2023\/09\/marci.jpg\"><img loading=\"lazy\" decoding=\"async\" class=\"size-large wp-image-8377\" src=\"https:\/\/laage-online.de\/wp-content\/uploads\/2023\/09\/marci-1024x768.jpg\" alt=\"\" width=\"474\" height=\"356\" srcset=\"https:\/\/laage-online.de\/wp-content\/uploads\/2023\/09\/marci-1024x768.jpg 1024w, https:\/\/laage-online.de\/wp-content\/uploads\/2023\/09\/marci-300x225.jpg 300w, https:\/\/laage-online.de\/wp-content\/uploads\/2023\/09\/marci-768x576.jpg 768w, https:\/\/laage-online.de\/wp-content\/uploads\/2023\/09\/marci-1536x1152.jpg 1536w, https:\/\/laage-online.de\/wp-content\/uploads\/2023\/09\/marci.jpg 1600w\" sizes=\"auto, (max-width: 474px) 100vw, 474px\" \/><\/a><figcaption id=\"caption-attachment-8377\" class=\"wp-caption-text\">Marcel Raith &#8211; ein Punktegarant f\u00fcr den SC Laage. Foto: Ralf Sawacki<\/figcaption><\/figure>\n<p style=\"margin-bottom: 9.75pt;\"><span style=\"font-size: 14.0pt; font-family: 'Arial',sans-serif;\">Im 5 Kilometer Lauf, der als Laufcup-Wertungslauf f\u00fcr die Jugend ausgeschrieben war, \u00fcberzeugten der 15-j\u00e4hrige Benjamin Menge\u00a0 (19,18 min) und der noch 13-j\u00e4hrige Lennox Raith (19,25 min) mit dem 2. und 3.Rang in der Gesamtwertung. Ihre Laufzeiten beeindruckten bei der absolut anspruchsvollen Wettkampfstrecke aber noch viel mehr. In der Klasse der unter 14-j\u00e4hrigen konnten zudem Erik Ostertag (1.MJ U14\/21,33 min) und Jelle Blum (3.MJ U14\/23,30 min) \u00fcberzeugen. Mit Pia Joelina Boldt (1.WJ U14\/22,14 min) , Florentine Ostertag (2. WJ U16 \/ 22,15 min), \u00a0Paula Pommerehne (2.WJ U18\/22,55 min) und Juliane G\u00f6llnitz (3.WJ U18\/23,04 min) konnten sich vier Laager M\u00e4dchen in ihren Altersklassen ganz vorne platzieren und machten das tolle Teamergebnis nahezu perfekt.<br \/>\nAm Ende bleibt festzuhalten, dass sich die sportliche Reise absolut gelohnt hat und der Kampf um die Punkte im diesj\u00e4hrigen Laufcup richtig Fahrt aufgenommen hat. Neben der perfekten Organisation \u00fcberzeugten die Gastgeber mit Wettkampfstrecken, die anspruchsvoll waren und auch mit einer soliden Absicherung beeindrucken konnten.<\/p>\n<p><\/span><span style=\"font-size: 12.0pt; font-family: 'Times New Roman',serif;\">ast<\/span><\/p>\n","protected":false},"excerpt":{"rendered":"<p>Bei sommerlichen Bedingungen\u00a0 begr\u00fc\u00dften die Organisatoren\u00a0 des M\u00fcritzer Laufsportvereins 04 e.V. Laufsportbegeisterte aus ganz M-V zum 17. Warener Herbstlauf &#8211; rund um den Tiefwarensee und Melzer See. Der Sportclub Laage &hellip; <a href=\"https:\/\/laage-online.de\/?p=8376\" class=\"more-link\"><span class=\"screen-reader-text\">17. Warener Herbstlauf &#8211; Laufcup geht auf die Zielgerade<\/span> weiterlesen <span class=\"meta-nav\">&rarr;<\/span><\/a><\/p>\n","protected":false},"author":12,"featured_media":0,"comment_status":"closed","ping_status":"open","sticky":false,"template":"","format":"standard","meta":{"footnotes":""},"categories":[12,5,6],"tags":[],"class_list":["post-8376","post","type-post","status-publish","format-standard","hentry","category-bemerkenswertes","category-sport-und-gesundheit","category-vor-ort-und-region"],"_links":{"self":[{"href":"https:\/\/laage-online.de\/index.php?rest_route=\/wp\/v2\/posts\/8376","targetHints":{"allow":["GET"]}}],"collection":[{"href":"https:\/\/laage-online.de\/index.php?rest_route=\/wp\/v2\/posts"}],"about":[{"href":"https:\/\/laage-online.de\/index.php?rest_route=\/wp\/v2\/types\/post"}],"author":[{"embeddable":true,"href":"https:\/\/laage-online.de\/index.php?rest_route=\/wp\/v2\/users\/12"}],"replies":[{"embeddable":true,"href":"https:\/\/laage-online.de\/index.php?rest_route=%2Fwp%2Fv2%2Fcomments&post=8376"}],"version-history":[{"count":1,"href":"https:\/\/laage-online.de\/index.php?rest_route=\/wp\/v2\/posts\/8376\/revisions"}],"predecessor-version":[{"id":8378,"href":"https:\/\/laage-online.de\/index.php?rest_route=\/wp\/v2\/posts\/8376\/revisions\/8378"}],"wp:attachment":[{"href":"https:\/\/laage-online.de\/index.php?rest_route=%2Fwp%2Fv2%2Fmedia&parent=8376"}],"wp:term":[{"taxonomy":"category","embeddable":true,"href":"https:\/\/laage-online.de\/index.php?rest_route=%2Fwp%2Fv2%2Fcategories&post=8376"},{"taxonomy":"post_tag","embeddable":true,"href":"https:\/\/laage-online.de\/index.php?rest_route=%2Fwp%2Fv2%2Ftags&post=8376"}],"curies":[{"name":"wp","href":"https:\/\/api.w.org\/{rel}","templated":true}]}}