{"id":8470,"date":"2023-11-16T20:16:42","date_gmt":"2023-11-16T19:16:42","guid":{"rendered":"https:\/\/laage-online.de\/?p=8470"},"modified":"2023-11-16T20:16:42","modified_gmt":"2023-11-16T19:16:42","slug":"internationaler-tag-der-kinderrechte-laager-sportler-machen-mit","status":"publish","type":"post","link":"https:\/\/laage-online.de\/?p=8470","title":{"rendered":"Internationaler Tag der Kinderrechte \u2013 Laager Sportler machen mit!"},"content":{"rendered":"<p style=\"margin-bottom: 8.25pt;\"><span style=\"font-size: 14.0pt; font-family: 'Arial',sans-serif;\">Am 20.11. ist der Internationale Tag der Kinderrechte, der Tag, an dem 1989 die UN-Kinderrechtskonvention verabschiedet wurde. Kinder und Jugendliche treten an diesem Tag zusammen mit UNICEF f\u00fcr die Rechte und Anliegen ihrer Generation ein. Durch die Kriege, Klimakrise und die Folgen der Covid-19 -Pandemie ist die Lage vieler M\u00e4dchen und Jungen auf der Welt dramatisch. Dazu bedrohen Armut, Hunger und fehlende Bildungsm\u00f6glichkeiten das Leben und die Zukunft unz\u00e4hliger Kinder weltweit. Auch bei uns in Deutschland werden Kinder oft noch immer nicht ausreichend gesch\u00fctzt, gef\u00f6rdert und beteiligt. In Deutschland und auf der ganzen Welt machen sich deshalb Kinder und Jugendliche am 20. November zusammen mit UNICEF f\u00fcr die Verwirklichung der Kinderrechte stark \u2013 f\u00fcr jedes Kind auf der Welt. \u00dcber alle Kontinente und Grenzen hinweg ist dabei die Farbe Blau als Zeichen f\u00fcr die universell g\u00fcltigen Kinderrechte das verbindende Symbol. In Australien, in Indien oder in den USA werden am 20.11. auf Initiative von UNICEF ikonische Bauwerke auf der ganzen Welt in blauem Licht erstrahlen. Auch in Deutschland werden um 20:11 Uhr Wahrzeichen und Denkm\u00e4ler blau beleuchtet, um die Kinderrechte zum Leuchten zu bringen.<\/span><\/p>\n<figure id=\"attachment_8471\" aria-describedby=\"caption-attachment-8471\" style=\"width: 474px\" class=\"wp-caption aligncenter\"><a href=\"https:\/\/laage-online.de\/wp-content\/uploads\/2023\/11\/Kinderrechte-3.jpg\"><img loading=\"lazy\" decoding=\"async\" class=\"size-large wp-image-8471\" src=\"https:\/\/laage-online.de\/wp-content\/uploads\/2023\/11\/Kinderrechte-3-1024x768.jpg\" alt=\"\" width=\"474\" height=\"356\" srcset=\"https:\/\/laage-online.de\/wp-content\/uploads\/2023\/11\/Kinderrechte-3-1024x768.jpg 1024w, https:\/\/laage-online.de\/wp-content\/uploads\/2023\/11\/Kinderrechte-3-300x225.jpg 300w, https:\/\/laage-online.de\/wp-content\/uploads\/2023\/11\/Kinderrechte-3-768x576.jpg 768w, https:\/\/laage-online.de\/wp-content\/uploads\/2023\/11\/Kinderrechte-3-1536x1152.jpg 1536w, https:\/\/laage-online.de\/wp-content\/uploads\/2023\/11\/Kinderrechte-3.jpg 1600w\" sizes=\"auto, (max-width: 474px) 100vw, 474px\" \/><\/a><figcaption id=\"caption-attachment-8471\" class=\"wp-caption-text\">Ausdauersportler der Laager Laufgruppe. Foto: Andr\u00e9 Stache<\/figcaption><\/figure>\n<p style=\"margin-bottom: 8.25pt;\"><span style=\"font-size: 14.0pt; font-family: 'Arial',sans-serif;\">Viele Partner hissen auch blaue Fahnen, befestigen blaue Transparente oder gestalten andere Farbaktionen, um ihrer Unterst\u00fctzung \u00f6ffentlich Ausdruck zu verleihen.<\/span> <span style=\"font-size: 14.0pt; font-family: 'Arial',sans-serif;\">Menschen aus allen Teilen der Welt unterst\u00fctzen sie dabei und setzen ein weltumspannendes Zeichen f\u00fcr die Kinderrechte &#8211; mit der Aktion #TurnTheWorldBlue. F\u00fcr die Laufgruppe des SC Laage waren das genug Argumente, um die Sportlerinnen und Sportler zu motivieren, eine Trainingseinheit in blauen Shirts zu absolvieren.<br \/>\nEin starkes Zeichen f\u00fcr unsere Kinder!<\/p>\n<p>SC Laage<\/span><\/p>\n","protected":false},"excerpt":{"rendered":"<p>Am 20.11. ist der Internationale Tag der Kinderrechte, der Tag, an dem 1989 die UN-Kinderrechtskonvention verabschiedet wurde. Kinder und Jugendliche treten an diesem Tag zusammen mit UNICEF f\u00fcr die Rechte &hellip; <a href=\"https:\/\/laage-online.de\/?p=8470\" class=\"more-link\"><span class=\"screen-reader-text\">Internationaler Tag der Kinderrechte \u2013 Laager Sportler machen mit!<\/span> weiterlesen <span class=\"meta-nav\">&rarr;<\/span><\/a><\/p>\n","protected":false},"author":12,"featured_media":0,"comment_status":"closed","ping_status":"open","sticky":false,"template":"","format":"standard","meta":{"footnotes":""},"categories":[12,5,6],"tags":[],"class_list":["post-8470","post","type-post","status-publish","format-standard","hentry","category-bemerkenswertes","category-sport-und-gesundheit","category-vor-ort-und-region"],"_links":{"self":[{"href":"https:\/\/laage-online.de\/index.php?rest_route=\/wp\/v2\/posts\/8470","targetHints":{"allow":["GET"]}}],"collection":[{"href":"https:\/\/laage-online.de\/index.php?rest_route=\/wp\/v2\/posts"}],"about":[{"href":"https:\/\/laage-online.de\/index.php?rest_route=\/wp\/v2\/types\/post"}],"author":[{"embeddable":true,"href":"https:\/\/laage-online.de\/index.php?rest_route=\/wp\/v2\/users\/12"}],"replies":[{"embeddable":true,"href":"https:\/\/laage-online.de\/index.php?rest_route=%2Fwp%2Fv2%2Fcomments&post=8470"}],"version-history":[{"count":1,"href":"https:\/\/laage-online.de\/index.php?rest_route=\/wp\/v2\/posts\/8470\/revisions"}],"predecessor-version":[{"id":8472,"href":"https:\/\/laage-online.de\/index.php?rest_route=\/wp\/v2\/posts\/8470\/revisions\/8472"}],"wp:attachment":[{"href":"https:\/\/laage-online.de\/index.php?rest_route=%2Fwp%2Fv2%2Fmedia&parent=8470"}],"wp:term":[{"taxonomy":"category","embeddable":true,"href":"https:\/\/laage-online.de\/index.php?rest_route=%2Fwp%2Fv2%2Fcategories&post=8470"},{"taxonomy":"post_tag","embeddable":true,"href":"https:\/\/laage-online.de\/index.php?rest_route=%2Fwp%2Fv2%2Ftags&post=8470"}],"curies":[{"name":"wp","href":"https:\/\/api.w.org\/{rel}","templated":true}]}}