{"id":8474,"date":"2023-11-19T18:00:47","date_gmt":"2023-11-19T17:00:47","guid":{"rendered":"https:\/\/laage-online.de\/?p=8474"},"modified":"2023-11-19T18:00:47","modified_gmt":"2023-11-19T17:00:47","slug":"1-reservist-des-landes-bittet-nach-laage","status":"publish","type":"post","link":"https:\/\/laage-online.de\/?p=8474","title":{"rendered":"1. Reservist des Landes bittet nach Laage"},"content":{"rendered":"<p style=\"margin-bottom: 8.25pt;\"><span style=\"font-size: 14.0pt; font-family: 'Arial',sans-serif;\">Zur Sitzung des erweiterten Vorstandes der Landesgruppe Mecklenburg-Vorpommerns hatte der Landesvorsitzende des Landesverbandes der Reservisten der Deutschen Bundeswehr e.V., Oberstleutnant d.R. Peter Schur, den Landesvorstand, die Landesrevisoren, die Vorsitzenden der Reservistenkameradschaften und Reservisten Arbeitsgemeinschaften sowie den Landesgesch\u00e4ftsf\u00fchrer MV nicht zum ersten Mal nach Laage gebeten. W\u00e4hrend der gut 3-st\u00fcndigen Sitzung, bei der ein notwendiger R\u00fcckblick und auch die Organisation der kommenden Monate Schwerpunkte waren, lie\u00df es sich der Reserveoffizier nicht nehmen und bedankte sich bei der Gastgeberin, Madelaine Dachner, mit der \u00dcbergabe des Verbandswappens und Oberstleutnant d.R. Peter Schur erkl\u00e4rte dazu: &#8222;In einem Fl\u00e4chenland wie Mecklenburg-Vorpommern ist es sehr schwierig, einen zentralen Anlaufpunkt zu finden, der allen gerecht wird.<\/span><\/p>\n<figure id=\"attachment_8475\" aria-describedby=\"caption-attachment-8475\" style=\"width: 474px\" class=\"wp-caption aligncenter\"><a href=\"https:\/\/laage-online.de\/wp-content\/uploads\/2023\/11\/Dachner.jpg\"><img loading=\"lazy\" decoding=\"async\" class=\"size-large wp-image-8475\" src=\"https:\/\/laage-online.de\/wp-content\/uploads\/2023\/11\/Dachner-1024x768.jpg\" alt=\"\" width=\"474\" height=\"356\" srcset=\"https:\/\/laage-online.de\/wp-content\/uploads\/2023\/11\/Dachner-1024x768.jpg 1024w, https:\/\/laage-online.de\/wp-content\/uploads\/2023\/11\/Dachner-300x225.jpg 300w, https:\/\/laage-online.de\/wp-content\/uploads\/2023\/11\/Dachner-768x576.jpg 768w, https:\/\/laage-online.de\/wp-content\/uploads\/2023\/11\/Dachner-1536x1152.jpg 1536w, https:\/\/laage-online.de\/wp-content\/uploads\/2023\/11\/Dachner.jpg 1600w\" sizes=\"auto, (max-width: 474px) 100vw, 474px\" \/><\/a><figcaption id=\"caption-attachment-8475\" class=\"wp-caption-text\">Oberstleutnant d.R. Peter Schur und Madelaine Dachner. Foto: Andr\u00e9 Stache<\/figcaption><\/figure>\n<p style=\"margin-bottom: 8.25pt;\"><span style=\"font-size: 14.0pt; font-family: 'Arial',sans-serif;\">Mit dem Caterer-Ehepaar Dachner in Laage haben wir einen zuverl\u00e4ssigen Partner f\u00fcr unsere Sitzungen gefunden. Die \u00f6rtlichen Gegebenheiten sind sehr gut und die Anbindung ist f\u00fcr alle zumutbar. Auch aus Gr\u00fcnden der F\u00fcrsorgepflicht ist das f\u00fcr mich wichtig.&#8220; Auch der 1. Vorsitzende der RK Fliegerhorst Laage, Stabsfeldwebel d.R. Andr\u00e9 Stache, durfte sich \u00fcber eine besondere Ehrung freuen. <\/span><span style=\"font-size: 14.0pt; font-family: 'Arial',sans-serif;\">Er erhielt f\u00fcr sein Engagement den Coin des Landesvorstandes.<\/p>\n<p>RK Fliegerhorst Laage<\/span><\/p>\n","protected":false},"excerpt":{"rendered":"<p>Zur Sitzung des erweiterten Vorstandes der Landesgruppe Mecklenburg-Vorpommerns hatte der Landesvorsitzende des Landesverbandes der Reservisten der Deutschen Bundeswehr e.V., Oberstleutnant d.R. Peter Schur, den Landesvorstand, die Landesrevisoren, die Vorsitzenden der &hellip; <a href=\"https:\/\/laage-online.de\/?p=8474\" class=\"more-link\"><span class=\"screen-reader-text\">1. Reservist des Landes bittet nach Laage<\/span> weiterlesen <span class=\"meta-nav\">&rarr;<\/span><\/a><\/p>\n","protected":false},"author":12,"featured_media":0,"comment_status":"closed","ping_status":"open","sticky":false,"template":"","format":"standard","meta":{"footnotes":""},"categories":[12,18,6],"tags":[],"class_list":["post-8474","post","type-post","status-publish","format-standard","hentry","category-bemerkenswertes","category-reservistenkameradschaft","category-vor-ort-und-region"],"_links":{"self":[{"href":"https:\/\/laage-online.de\/index.php?rest_route=\/wp\/v2\/posts\/8474","targetHints":{"allow":["GET"]}}],"collection":[{"href":"https:\/\/laage-online.de\/index.php?rest_route=\/wp\/v2\/posts"}],"about":[{"href":"https:\/\/laage-online.de\/index.php?rest_route=\/wp\/v2\/types\/post"}],"author":[{"embeddable":true,"href":"https:\/\/laage-online.de\/index.php?rest_route=\/wp\/v2\/users\/12"}],"replies":[{"embeddable":true,"href":"https:\/\/laage-online.de\/index.php?rest_route=%2Fwp%2Fv2%2Fcomments&post=8474"}],"version-history":[{"count":1,"href":"https:\/\/laage-online.de\/index.php?rest_route=\/wp\/v2\/posts\/8474\/revisions"}],"predecessor-version":[{"id":8476,"href":"https:\/\/laage-online.de\/index.php?rest_route=\/wp\/v2\/posts\/8474\/revisions\/8476"}],"wp:attachment":[{"href":"https:\/\/laage-online.de\/index.php?rest_route=%2Fwp%2Fv2%2Fmedia&parent=8474"}],"wp:term":[{"taxonomy":"category","embeddable":true,"href":"https:\/\/laage-online.de\/index.php?rest_route=%2Fwp%2Fv2%2Fcategories&post=8474"},{"taxonomy":"post_tag","embeddable":true,"href":"https:\/\/laage-online.de\/index.php?rest_route=%2Fwp%2Fv2%2Ftags&post=8474"}],"curies":[{"name":"wp","href":"https:\/\/api.w.org\/{rel}","templated":true}]}}