{"id":8478,"date":"2023-11-22T09:47:03","date_gmt":"2023-11-22T08:47:03","guid":{"rendered":"https:\/\/laage-online.de\/?p=8478"},"modified":"2023-11-23T10:05:45","modified_gmt":"2023-11-23T09:05:45","slug":"kranzniederlegung-am-volkstrauertag-am-ehrenmal-in-kronskamp-2","status":"publish","type":"post","link":"https:\/\/laage-online.de\/?p=8478","title":{"rendered":"Kranzniederlegung am Volkstrauertag am Ehrenmal in Kronskamp"},"content":{"rendered":"<p>Der Volkstrauertag ist in der Bundesrepublik Deutschland ein staatlicher Gedenktag und geh\u00f6rt zu den sogenannten stillen Tagen. Er wird seit 71 Jahren zwei Sonntage vor dem ersten Adventssonntag begangen und erinnert an die Kriegstoten und Opfer der Gewaltherrschaft aller Nationen. Mit einer beeindruckenden Kranzniederlegung gedachten am Nachmittag des Volkstrauertages, am Ehrenmal im Laager Ortsteil Kronskamp, vor den Toren des Fliegerhorstes die 1. Stadtr\u00e4tin der Stadt Laage, Frau Alexandra Brandenburg und der Katholische Milit\u00e4rpfarrer, Martin Roth, den Opfern von Gewalt, Krieg und gefallener Soldaten. Die Totenehrung, zu der die Stadt Laage gemeinsam mit dem Taktischen Luftwaffengeschwader 73 \u201eS\u201c eingeladen hatte, wurde vom Laager Posaunenchor musikalisch begleitet und von einigen Dutzend Einwohnern und G\u00e4sten, unter denen sich auch das Mitglied des Deutschen Bundestages, Johannes Arlt (SPD), befand, verfolgt. In seiner Andacht erinnerte Milit\u00e4rdekan Roth an die Folgen von Krieg, Gewalt\u00a0und Vertreibung. Auch das Mitglied des Deutschen Bundestages, Johannes Arlt (SPD), richtete mahnende Worte an die Anwesenden. Der Volkstrauertag mahnt und verpflichtet, das geschehene Unrecht nicht zu vergessen und sich f\u00fcr einen dauerhaften Frieden einzusetzen.<a href=\"https:\/\/laage-online.de\/wp-content\/uploads\/2023\/11\/Volkstrauertag-23.jpg\"><img loading=\"lazy\" decoding=\"async\" class=\"aligncenter size-large wp-image-8480\" src=\"https:\/\/laage-online.de\/wp-content\/uploads\/2023\/11\/Volkstrauertag-23-1024x768.jpg\" alt=\"\" width=\"474\" height=\"356\" srcset=\"https:\/\/laage-online.de\/wp-content\/uploads\/2023\/11\/Volkstrauertag-23-1024x768.jpg 1024w, https:\/\/laage-online.de\/wp-content\/uploads\/2023\/11\/Volkstrauertag-23-300x225.jpg 300w, https:\/\/laage-online.de\/wp-content\/uploads\/2023\/11\/Volkstrauertag-23-768x576.jpg 768w, https:\/\/laage-online.de\/wp-content\/uploads\/2023\/11\/Volkstrauertag-23-1536x1152.jpg 1536w, https:\/\/laage-online.de\/wp-content\/uploads\/2023\/11\/Volkstrauertag-23.jpg 1600w\" sizes=\"auto, (max-width: 474px) 100vw, 474px\" \/><\/a>Im Anschluss an die Ausf\u00fchrungen der Redner legten die 1. Stadtr\u00e4tin der Stadt Laage, Frau Brandenburg, f\u00fcr die Stadt Laage und der Kommodore des Verbandes Oberst, Gerd Schnell, f\u00fcr das Taktische Luftwaffengeschwader 73&#8243;S&#8220; Kr\u00e4nze zum Gedenken an die Opfer von Krieg und Gewalt am Mahnmal in Kronskamp nieder. Die Stele auf der Gedenkst\u00e4tte auf dem Gel\u00e4nde des ehemaligen Quarant\u00e4nelagers in Kronskamp bei Laage tr\u00e4gt folgende Inschrift: \u201cZwischen Herbst 1945 und Herbst 1946 bestand in Kronskamp ein Fl\u00fcchtlings-Quarant\u00e4nelager. \u00dcber die Zahl der Fl\u00fcchtlinge und Vertriebenen, die durch das Lager durchgeschleust wurden, existieren keine Angaben. B\u00fcrger aus Kronskamp gaben an, dass es \u00fcber 2000 Menschen waren, die infolge von Hunger und Infektionskrankheiten im Lager starben.<br \/>\nNeben dem Taktische Luftwaffengeschwader 73 \u2033S\u201c und dem Evangelischen Milit\u00e4rpfarramt in Laage gilt der Evangelischen Kirchgemeinde Laage f\u00fcr die Unterst\u00fctzung bei der Vorbereitung der Gedenkveranstaltung ein besonderer Dank.<\/p>\n<p>Text und Foto: Andr\u00e9 Stache, Pfarrhelfer beim Evangelischen Milit\u00e4rpfarramt in Laage<\/p>\n","protected":false},"excerpt":{"rendered":"<p>Der Volkstrauertag ist in der Bundesrepublik Deutschland ein staatlicher Gedenktag und geh\u00f6rt zu den sogenannten stillen Tagen. Er wird seit 71 Jahren zwei Sonntage vor dem ersten Adventssonntag begangen und &hellip; <a href=\"https:\/\/laage-online.de\/?p=8478\" class=\"more-link\"><span class=\"screen-reader-text\">Kranzniederlegung am Volkstrauertag am Ehrenmal in Kronskamp<\/span> weiterlesen <span class=\"meta-nav\">&rarr;<\/span><\/a><\/p>\n","protected":false},"author":12,"featured_media":0,"comment_status":"closed","ping_status":"open","sticky":false,"template":"","format":"standard","meta":{"footnotes":""},"categories":[12,13,18,6],"tags":[],"class_list":["post-8478","post","type-post","status-publish","format-standard","hentry","category-bemerkenswertes","category-kirche","category-reservistenkameradschaft","category-vor-ort-und-region"],"_links":{"self":[{"href":"https:\/\/laage-online.de\/index.php?rest_route=\/wp\/v2\/posts\/8478","targetHints":{"allow":["GET"]}}],"collection":[{"href":"https:\/\/laage-online.de\/index.php?rest_route=\/wp\/v2\/posts"}],"about":[{"href":"https:\/\/laage-online.de\/index.php?rest_route=\/wp\/v2\/types\/post"}],"author":[{"embeddable":true,"href":"https:\/\/laage-online.de\/index.php?rest_route=\/wp\/v2\/users\/12"}],"replies":[{"embeddable":true,"href":"https:\/\/laage-online.de\/index.php?rest_route=%2Fwp%2Fv2%2Fcomments&post=8478"}],"version-history":[{"count":3,"href":"https:\/\/laage-online.de\/index.php?rest_route=\/wp\/v2\/posts\/8478\/revisions"}],"predecessor-version":[{"id":8482,"href":"https:\/\/laage-online.de\/index.php?rest_route=\/wp\/v2\/posts\/8478\/revisions\/8482"}],"wp:attachment":[{"href":"https:\/\/laage-online.de\/index.php?rest_route=%2Fwp%2Fv2%2Fmedia&parent=8478"}],"wp:term":[{"taxonomy":"category","embeddable":true,"href":"https:\/\/laage-online.de\/index.php?rest_route=%2Fwp%2Fv2%2Fcategories&post=8478"},{"taxonomy":"post_tag","embeddable":true,"href":"https:\/\/laage-online.de\/index.php?rest_route=%2Fwp%2Fv2%2Ftags&post=8478"}],"curies":[{"name":"wp","href":"https:\/\/api.w.org\/{rel}","templated":true}]}}