{"id":8667,"date":"2024-02-26T23:01:30","date_gmt":"2024-02-26T22:01:30","guid":{"rendered":"https:\/\/laage-online.de\/?p=8667"},"modified":"2024-02-26T23:01:30","modified_gmt":"2024-02-26T22:01:30","slug":"gut-geruestet-fuer-die-zukunft","status":"publish","type":"post","link":"https:\/\/laage-online.de\/?p=8667","title":{"rendered":"Gut \u201eger\u00fcstet\u201c f\u00fcr die Zukunft"},"content":{"rendered":"<p>Offiziere, allesamt aus dem Pool des F\u00fchrungspersonals, und Kompaniefeldwebel des Taktischen Luftwaffengeschwaders \u201eS\u201c aus Laage waren der Einladung von Milit\u00e4rdekan Martin J\u00fcrgens zu einer Soldatenr\u00fcstzeit nach Zinnowitz, auf die Insel Usedom gefolgt. Unter den Teilnehmern befanden sich auch der Stellvertretende Kommodore des Verbandes Oberstleutnant Stephan Mohler, der Kommandeur der Fliegenden Gruppe, Oberstleutnant Andreas Beckmann, und der Stellvertretende Kommandeur der Technischen Gruppe, Oberstleutnant J\u00f6rg Mischke. In einer entspannten Atmosph\u00e4re wurde gemeinsam an gesellschaftlichen Fragen aus christlicher Sicht gearbeitet.<\/p>\n<figure id=\"attachment_8668\" aria-describedby=\"caption-attachment-8668\" style=\"width: 474px\" class=\"wp-caption aligncenter\"><a href=\"https:\/\/laage-online.de\/wp-content\/uploads\/2024\/02\/MD-M.Juergens.jpg\"><img loading=\"lazy\" decoding=\"async\" class=\"size-large wp-image-8668\" src=\"https:\/\/laage-online.de\/wp-content\/uploads\/2024\/02\/MD-M.Juergens-1024x768.jpg\" alt=\"\" width=\"474\" height=\"356\" srcset=\"https:\/\/laage-online.de\/wp-content\/uploads\/2024\/02\/MD-M.Juergens-1024x768.jpg 1024w, https:\/\/laage-online.de\/wp-content\/uploads\/2024\/02\/MD-M.Juergens-300x225.jpg 300w, https:\/\/laage-online.de\/wp-content\/uploads\/2024\/02\/MD-M.Juergens-768x576.jpg 768w, https:\/\/laage-online.de\/wp-content\/uploads\/2024\/02\/MD-M.Juergens-1536x1152.jpg 1536w, https:\/\/laage-online.de\/wp-content\/uploads\/2024\/02\/MD-M.Juergens.jpg 1600w\" sizes=\"auto, (max-width: 474px) 100vw, 474px\" \/><\/a><figcaption id=\"caption-attachment-8668\" class=\"wp-caption-text\">Das Foto zeigt Milit\u00e4rdekan Martin J\u00fcrgens. Foto: Andr\u00e9 Stache<\/figcaption><\/figure>\n<p>Dabei wurden die Schwerpunktthemen, \u201eTreu dienen &#8211; Mut und Tapferkeit\u201c, aus den unterschiedlichsten Blickwinkeln betrachtet und nat\u00fcrlich auch \u00fcber die Facetten des Soldaten-Berufes offen philosophiert. Und trotz der inhaltlichen Themenarbeit blieb ausreichend Zeit f\u00fcr kurzweilige Morgenandachten, gemeinsame, unterhaltsame Abende und viele gute Gespr\u00e4che. Nach diesen Erfahrungen konnten die Unteroffiziere und Offiziere wieder gut \u201eger\u00fcstet\u201e in Ihren Alltag gehen. Ein ganz besonderer Dank galt am Ende neben Stabsfeldwebel Daniel Schwarz, der als leidenschaftlicher Initiator immer die F\u00e4den in der Hand hatte, dem Personal des Hauses Kranich in Zinnowitz. Sehr angenehm war die Leidenschaft des Personals im Haus Kranich. Deren besonderes Engagement und die Absicht, immer f\u00fcr die G\u00e4ste da sein zu wollen, waren die Grundlage f\u00fcr diese tolle Soldatenr\u00fcstzeit.<\/p>\n<p>Andr\u00e9 Stache, Pfarrhelfer beim Evangelisches Milit\u00e4rpfarramt Laage<\/p>\n","protected":false},"excerpt":{"rendered":"<p>Offiziere, allesamt aus dem Pool des F\u00fchrungspersonals, und Kompaniefeldwebel des Taktischen Luftwaffengeschwaders \u201eS\u201c aus Laage waren der Einladung von Milit\u00e4rdekan Martin J\u00fcrgens zu einer Soldatenr\u00fcstzeit nach Zinnowitz, auf die Insel &hellip; <a href=\"https:\/\/laage-online.de\/?p=8667\" class=\"more-link\"><span class=\"screen-reader-text\">Gut \u201eger\u00fcstet\u201c f\u00fcr die Zukunft<\/span> weiterlesen <span class=\"meta-nav\">&rarr;<\/span><\/a><\/p>\n","protected":false},"author":12,"featured_media":0,"comment_status":"closed","ping_status":"open","sticky":false,"template":"","format":"standard","meta":{"footnotes":""},"categories":[12,13,18,6],"tags":[],"class_list":["post-8667","post","type-post","status-publish","format-standard","hentry","category-bemerkenswertes","category-kirche","category-reservistenkameradschaft","category-vor-ort-und-region"],"_links":{"self":[{"href":"https:\/\/laage-online.de\/index.php?rest_route=\/wp\/v2\/posts\/8667","targetHints":{"allow":["GET"]}}],"collection":[{"href":"https:\/\/laage-online.de\/index.php?rest_route=\/wp\/v2\/posts"}],"about":[{"href":"https:\/\/laage-online.de\/index.php?rest_route=\/wp\/v2\/types\/post"}],"author":[{"embeddable":true,"href":"https:\/\/laage-online.de\/index.php?rest_route=\/wp\/v2\/users\/12"}],"replies":[{"embeddable":true,"href":"https:\/\/laage-online.de\/index.php?rest_route=%2Fwp%2Fv2%2Fcomments&post=8667"}],"version-history":[{"count":1,"href":"https:\/\/laage-online.de\/index.php?rest_route=\/wp\/v2\/posts\/8667\/revisions"}],"predecessor-version":[{"id":8669,"href":"https:\/\/laage-online.de\/index.php?rest_route=\/wp\/v2\/posts\/8667\/revisions\/8669"}],"wp:attachment":[{"href":"https:\/\/laage-online.de\/index.php?rest_route=%2Fwp%2Fv2%2Fmedia&parent=8667"}],"wp:term":[{"taxonomy":"category","embeddable":true,"href":"https:\/\/laage-online.de\/index.php?rest_route=%2Fwp%2Fv2%2Fcategories&post=8667"},{"taxonomy":"post_tag","embeddable":true,"href":"https:\/\/laage-online.de\/index.php?rest_route=%2Fwp%2Fv2%2Ftags&post=8667"}],"curies":[{"name":"wp","href":"https:\/\/api.w.org\/{rel}","templated":true}]}}