{"id":8865,"date":"2024-07-24T13:48:17","date_gmt":"2024-07-24T11:48:17","guid":{"rendered":"https:\/\/laage-online.de\/?p=8865"},"modified":"2024-07-24T13:48:17","modified_gmt":"2024-07-24T11:48:17","slug":"oesterreicher-bereichern-das-training-der-laufgruppe-in-laage","status":"publish","type":"post","link":"https:\/\/laage-online.de\/?p=8865","title":{"rendered":"\u00d6sterreicher bereichern das Training der Laufgruppe in Laage"},"content":{"rendered":"<p><span style=\"font-size: 12.0pt; font-family: 'Verdana',sans-serif;\">Seit einigen Monaten bereichern der 31-j\u00e4hrige, Daniel Siegl, und der 30- j\u00e4hrige, Benjamin Angerer, die Trainingseinheiten der Laager Laufgruppe mit ihrer Teilnahme. Beide sind f\u00fcr ein Jahr, in den Norden Deutschlands, nach Laage kommandiert, um an der Eurofighter Ausbildung der Luftwaffe teilzunehmen. Ihre bescheidene und freundliche Art hat schnell dazu gef\u00fchrt, dass beide ins Trainingsprogramm eingegliedert werden konnten und auch ihre sportliche Leistungsf\u00e4higkeit und die au\u00dfergew\u00f6hnliche Anstrengungsbereitschaft waren gute Voraussetzungen f\u00fcr die Integration in die leistungsorientierten Trainingsgruppen.<\/span><\/p>\n<figure id=\"attachment_8866\" aria-describedby=\"caption-attachment-8866\" style=\"width: 474px\" class=\"wp-caption aligncenter\"><a href=\"https:\/\/laage-online.de\/wp-content\/uploads\/2024\/07\/Siegl-und-Angerer.jpg\"><img loading=\"lazy\" decoding=\"async\" class=\"size-large wp-image-8866\" src=\"https:\/\/laage-online.de\/wp-content\/uploads\/2024\/07\/Siegl-und-Angerer-861x1024.jpg\" alt=\"\" width=\"474\" height=\"564\" srcset=\"https:\/\/laage-online.de\/wp-content\/uploads\/2024\/07\/Siegl-und-Angerer-861x1024.jpg 861w, https:\/\/laage-online.de\/wp-content\/uploads\/2024\/07\/Siegl-und-Angerer-252x300.jpg 252w, https:\/\/laage-online.de\/wp-content\/uploads\/2024\/07\/Siegl-und-Angerer-768x913.jpg 768w, https:\/\/laage-online.de\/wp-content\/uploads\/2024\/07\/Siegl-und-Angerer-1292x1536.jpg 1292w, https:\/\/laage-online.de\/wp-content\/uploads\/2024\/07\/Siegl-und-Angerer.jpg 1346w\" sizes=\"auto, (max-width: 474px) 100vw, 474px\" \/><\/a><figcaption id=\"caption-attachment-8866\" class=\"wp-caption-text\">Daniel Siegl (li.)\u00a0und Benjamin Angerer mit dem Laager Laufgruppentrainer Andr\u00e9 Stache beim Citysport Abendlauf in Rostock. Foto: SC Laage<\/figcaption><\/figure>\n<p><span style=\"font-size: 12.0pt; font-family: 'Verdana',sans-serif;\">Der in Ebensee\/Ober\u00f6sterreich lebende Vater von zwei Kindern, Daniel Siegl, erkl\u00e4rte zudem: \u201cEine solch gro\u00dfe Laufgruppe kenne ich aus meiner Heimat nicht und deshalb habe ich mich auch unbedingt auf das sportliche Abenteuer eingelassen.\u201c Und der in der \u00f6sterreichischen Hauptstadt Wien beheimatete, Benjamin Angerer, best\u00e4tigte das und versicherte, dass er sich in Laage sehr wohl f\u00fchlt. Und besonders die Trainingseinheiten waren f\u00fcr ihn sehr wertvoll, schlie\u00dflich macht es viel mehr Spa\u00df gemeinsam zu schwitzen.<br \/>\n<\/span><span style=\"font-size: 12.0pt; font-family: 'Verdana',sans-serif;\">F\u00fcr beide wird die Ausbildung in einigen Wochen enden und dann werden die Offiziere wieder zur\u00fcck in ihre Heimat gehen und vielleicht die sportliche Freundschaft noch lange in Erinnerung behalten.<\/p>\n<p>ast<\/span><\/p>\n","protected":false},"excerpt":{"rendered":"<p>Seit einigen Monaten bereichern der 31-j\u00e4hrige, Daniel Siegl, und der 30- j\u00e4hrige, Benjamin Angerer, die Trainingseinheiten der Laager Laufgruppe mit ihrer Teilnahme. Beide sind f\u00fcr ein Jahr, in den Norden &hellip; <a href=\"https:\/\/laage-online.de\/?p=8865\" class=\"more-link\"><span class=\"screen-reader-text\">\u00d6sterreicher bereichern das Training der Laufgruppe in Laage<\/span> weiterlesen <span class=\"meta-nav\">&rarr;<\/span><\/a><\/p>\n","protected":false},"author":12,"featured_media":0,"comment_status":"closed","ping_status":"open","sticky":false,"template":"","format":"standard","meta":{"footnotes":""},"categories":[12,5,6],"tags":[],"class_list":["post-8865","post","type-post","status-publish","format-standard","hentry","category-bemerkenswertes","category-sport-und-gesundheit","category-vor-ort-und-region"],"_links":{"self":[{"href":"https:\/\/laage-online.de\/index.php?rest_route=\/wp\/v2\/posts\/8865","targetHints":{"allow":["GET"]}}],"collection":[{"href":"https:\/\/laage-online.de\/index.php?rest_route=\/wp\/v2\/posts"}],"about":[{"href":"https:\/\/laage-online.de\/index.php?rest_route=\/wp\/v2\/types\/post"}],"author":[{"embeddable":true,"href":"https:\/\/laage-online.de\/index.php?rest_route=\/wp\/v2\/users\/12"}],"replies":[{"embeddable":true,"href":"https:\/\/laage-online.de\/index.php?rest_route=%2Fwp%2Fv2%2Fcomments&post=8865"}],"version-history":[{"count":1,"href":"https:\/\/laage-online.de\/index.php?rest_route=\/wp\/v2\/posts\/8865\/revisions"}],"predecessor-version":[{"id":8867,"href":"https:\/\/laage-online.de\/index.php?rest_route=\/wp\/v2\/posts\/8865\/revisions\/8867"}],"wp:attachment":[{"href":"https:\/\/laage-online.de\/index.php?rest_route=%2Fwp%2Fv2%2Fmedia&parent=8865"}],"wp:term":[{"taxonomy":"category","embeddable":true,"href":"https:\/\/laage-online.de\/index.php?rest_route=%2Fwp%2Fv2%2Fcategories&post=8865"},{"taxonomy":"post_tag","embeddable":true,"href":"https:\/\/laage-online.de\/index.php?rest_route=%2Fwp%2Fv2%2Ftags&post=8865"}],"curies":[{"name":"wp","href":"https:\/\/api.w.org\/{rel}","templated":true}]}}