{"id":9093,"date":"2024-12-24T09:45:03","date_gmt":"2024-12-24T08:45:03","guid":{"rendered":"https:\/\/laage-online.de\/?p=9093"},"modified":"2024-12-24T09:45:03","modified_gmt":"2024-12-24T08:45:03","slug":"ferienfreizeit-in-laage-machst-du-mit","status":"publish","type":"post","link":"https:\/\/laage-online.de\/?p=9093","title":{"rendered":"Ferienfreizeit in Laage \u2013 machst du mit?"},"content":{"rendered":"<p>Wenige Wochen vor den Winterferien stellt sich f\u00fcr viele Familien die Frage nach einer sinnvollen Ferienbesch\u00e4ftigung. Kino, basteln oder einfach chillen? F\u00fcr nicht wenige Kinder der Laager Laufgruppe ist das keine Option. Sie nutzen das Angebot und sind Bestandteil der Ferienfreizeit vom <strong>03.02.-05.02.2025<\/strong> in den Laager Recknitzsporthallen. Neben den sportlichen Herausforderungen lernen die M\u00e4dchen und Jungen in kurzer Zeit, mit anderen auszukommen, sich in einer Gruppe zurecht zu finden und als Team f\u00fcr ein gemeinsames Ziel zu k\u00e4mpfen.<br \/>\nUnd sie erfahren was gegenseitiger Respekt bedeutet. Das sind wichtige Schritte auf dem Weg zu einer starken Pers\u00f6nlichkeit. Nicht Niederlage oder Sieg, sondern die pure Freude an der Bewegung werden deshalb im Vordergrund aller Aktivit\u00e4ten stehen. \u00dcberwiegend spielerisch werden die Kinder laufen, springen oder einfach nur umhertollen. Sollte es die Wetterlage zulassen, werden die jungen Athleten auch im Laager Stadtwald aktiv werden. Die M\u00e4dchen und Jungen werden von erfahrenen \u00dcbungsleitern, von 09.00 -14.00 Uhr, betreut.<\/p>\n<figure id=\"attachment_9094\" aria-describedby=\"caption-attachment-9094\" style=\"width: 474px\" class=\"wp-caption aligncenter\"><a href=\"https:\/\/laage-online.de\/wp-content\/uploads\/2024\/12\/ffz-23.jpg\"><img loading=\"lazy\" decoding=\"async\" class=\"size-large wp-image-9094\" src=\"https:\/\/laage-online.de\/wp-content\/uploads\/2024\/12\/ffz-23-1024x852.jpg\" alt=\"\" width=\"474\" height=\"394\" srcset=\"https:\/\/laage-online.de\/wp-content\/uploads\/2024\/12\/ffz-23-1024x852.jpg 1024w, https:\/\/laage-online.de\/wp-content\/uploads\/2024\/12\/ffz-23-300x250.jpg 300w, https:\/\/laage-online.de\/wp-content\/uploads\/2024\/12\/ffz-23-768x639.jpg 768w, https:\/\/laage-online.de\/wp-content\/uploads\/2024\/12\/ffz-23-1536x1278.jpg 1536w, https:\/\/laage-online.de\/wp-content\/uploads\/2024\/12\/ffz-23.jpg 1600w\" sizes=\"auto, (max-width: 474px) 100vw, 474px\" \/><\/a><figcaption id=\"caption-attachment-9094\" class=\"wp-caption-text\">Und vielleicht geh\u00f6rt auch ein Lauf im Schnee zur Ferienfreizeit? Foto: Ralf Sawacki<\/figcaption><\/figure>\n<p>Ein ausgewogenes und warmes Mittagessen sowie Trink- und Obstpausen runden die beliebte sportliche Aktion ab. Am Ende der drei tollen Tage werden alle Kinder mit einem Pr\u00e4sent und einer Urkunde geehrt. Nat\u00fcrlich sind auch Kinder willkommen, die nicht in Vereinen organisiert sind. Neben einem Eigenbeitrag wird die Veranstaltung von den gro\u00dfz\u00fcgigen F\u00f6rderern des Sportclubs Laage unterst\u00fctzt.<br \/>\nInteressenten k\u00f6nnen sich unter 0179 630 40 63 anmelden und auch weitere Einzelheiten erfragen. Allerdings m\u00fcssen die Veranstalter auch anmerken, dass eine z\u00fcgige Anmeldung durchaus von Vorteil ist.<br \/>\nMehr als drei\u00dfig Kinder werden die Verantwortlichen nicht betreuen, um den M\u00e4dchen und Jungen auch gerecht zu werden und die Individualit\u00e4t bei der Betreuung nicht aus den Augen zu verlieren.<br \/>\nMehr Informationen findet man auch unter <a href=\"https:\/\/deref-web.de\/mail\/client\/NRAhf6PxtBw\/dereferrer\/?redirectUrl=https%3A%2F%2Fderef-web.de%2Fmail%2Fclient%2FI_NADwyxGYk%2Fdereferrer%2F%3FredirectUrl%3Dhttps%253A%252F%252Fwww.laage-online.de%252Fwww.sportclub-laage.de\">www.sportclub-laage.de<\/a>\u00a0oder auf\u00a0<a href=\"https:\/\/deref-web.de\/mail\/client\/f4B_XLA290I\/dereferrer\/?redirectUrl=https%3A%2F%2Fderef-web.de%2Fmail%2Fclient%2FEQTlIVwumnY%2Fdereferrer%2F%3FredirectUrl%3Dhttps%253A%252F%252Fwww.laage-online.de%252Fwww.laage-online.de\">www.laage-online.de<\/a>.<\/p>\n","protected":false},"excerpt":{"rendered":"<p>Wenige Wochen vor den Winterferien stellt sich f\u00fcr viele Familien die Frage nach einer sinnvollen Ferienbesch\u00e4ftigung. Kino, basteln oder einfach chillen? F\u00fcr nicht wenige Kinder der Laager Laufgruppe ist das &hellip; <a href=\"https:\/\/laage-online.de\/?p=9093\" class=\"more-link\"><span class=\"screen-reader-text\">Ferienfreizeit in Laage \u2013 machst du mit?<\/span> weiterlesen <span class=\"meta-nav\">&rarr;<\/span><\/a><\/p>\n","protected":false},"author":12,"featured_media":0,"comment_status":"closed","ping_status":"open","sticky":false,"template":"","format":"standard","meta":{"footnotes":""},"categories":[12,5,6],"tags":[],"class_list":["post-9093","post","type-post","status-publish","format-standard","hentry","category-bemerkenswertes","category-sport-und-gesundheit","category-vor-ort-und-region"],"_links":{"self":[{"href":"https:\/\/laage-online.de\/index.php?rest_route=\/wp\/v2\/posts\/9093","targetHints":{"allow":["GET"]}}],"collection":[{"href":"https:\/\/laage-online.de\/index.php?rest_route=\/wp\/v2\/posts"}],"about":[{"href":"https:\/\/laage-online.de\/index.php?rest_route=\/wp\/v2\/types\/post"}],"author":[{"embeddable":true,"href":"https:\/\/laage-online.de\/index.php?rest_route=\/wp\/v2\/users\/12"}],"replies":[{"embeddable":true,"href":"https:\/\/laage-online.de\/index.php?rest_route=%2Fwp%2Fv2%2Fcomments&post=9093"}],"version-history":[{"count":1,"href":"https:\/\/laage-online.de\/index.php?rest_route=\/wp\/v2\/posts\/9093\/revisions"}],"predecessor-version":[{"id":9095,"href":"https:\/\/laage-online.de\/index.php?rest_route=\/wp\/v2\/posts\/9093\/revisions\/9095"}],"wp:attachment":[{"href":"https:\/\/laage-online.de\/index.php?rest_route=%2Fwp%2Fv2%2Fmedia&parent=9093"}],"wp:term":[{"taxonomy":"category","embeddable":true,"href":"https:\/\/laage-online.de\/index.php?rest_route=%2Fwp%2Fv2%2Fcategories&post=9093"},{"taxonomy":"post_tag","embeddable":true,"href":"https:\/\/laage-online.de\/index.php?rest_route=%2Fwp%2Fv2%2Ftags&post=9093"}],"curies":[{"name":"wp","href":"https:\/\/api.w.org\/{rel}","templated":true}]}}