{"id":9345,"date":"2025-07-06T17:20:52","date_gmt":"2025-07-06T15:20:52","guid":{"rendered":"https:\/\/laage-online.de\/?p=9345"},"modified":"2025-07-06T17:20:52","modified_gmt":"2025-07-06T15:20:52","slug":"mueritz-staffel-lauf-neustart-geglueckt","status":"publish","type":"post","link":"https:\/\/laage-online.de\/?p=9345","title":{"rendered":"M\u00fcritz-Staffel-Lauf  &#8211; Neustart gegl\u00fcckt!"},"content":{"rendered":"<p>Mit Juliane G\u00f6llnitz, ihrem Vater Olaf G\u00f6llnitz, Martin Genkel, Roger Kerschke, Lennox Raith und dessen Vater Marcel bekamen Ausdauersportler der Laager Laufgruppe die M\u00f6glichkeit, am M\u00fcritz-Staffel-Lauf aktiv teilzunehmen. Damit konnte im zweite Jahr in Folge eine Staffel des SC Laage sehr erfolgreich den Wettkampf bew\u00e4ltigen. Mit Sven Abrokat und Ole Reinholdt waren zudem zwei Aktive im Team, die schon zum 11. Mal an der Umrundung des gr\u00f6\u00dften in Deutschland liegenden Sees teilgenommen haben. Mit besagten Sportlern aus ihrer Laufgruppe betraten beide allerdings Neuland.<\/p>\n<figure id=\"attachment_9346\" aria-describedby=\"caption-attachment-9346\" style=\"width: 474px\" class=\"wp-caption aligncenter\"><a href=\"https:\/\/laage-online.de\/wp-content\/uploads\/2025\/07\/Mueritzlauf-25.jpg\"><img loading=\"lazy\" decoding=\"async\" class=\"size-large wp-image-9346\" src=\"https:\/\/laage-online.de\/wp-content\/uploads\/2025\/07\/Mueritzlauf-25-1024x753.jpg\" alt=\"\" width=\"474\" height=\"349\" srcset=\"https:\/\/laage-online.de\/wp-content\/uploads\/2025\/07\/Mueritzlauf-25-1024x753.jpg 1024w, https:\/\/laage-online.de\/wp-content\/uploads\/2025\/07\/Mueritzlauf-25-300x221.jpg 300w, https:\/\/laage-online.de\/wp-content\/uploads\/2025\/07\/Mueritzlauf-25-768x564.jpg 768w, https:\/\/laage-online.de\/wp-content\/uploads\/2025\/07\/Mueritzlauf-25-1536x1129.jpg 1536w, https:\/\/laage-online.de\/wp-content\/uploads\/2025\/07\/Mueritzlauf-25.jpg 1600w\" sizes=\"auto, (max-width: 474px) 100vw, 474px\" \/><\/a><figcaption id=\"caption-attachment-9346\" class=\"wp-caption-text\">Das Team bei der Siegerehrung. Foto: Abrokat<\/figcaption><\/figure>\n<p>Aufgrund der langj\u00e4hrigen Erfahrung gelang es dem routiniertem Duo schnell, einen Plan zu entwickeln, um alle Staffelmitglieder an ihre Startpunkte zubringen und ebenso nach dem Laufen wieder einzusammeln. Durch diese Organisationsleistung wurde aus dem Staffellauf ein wahres L\u00e4uferfest, welches am letzten Samstag im Juni p\u00fcnktlich um 08:30 Uhr am Hafen in Waren M\u00fcritz gestartet wurde. Alle haben die naturnahe und doch recht anspruchsvolle Strecke genossen und waren im Ziel erleichtert und \u00fcbergl\u00fccklich, den 2. Platz erk\u00e4mpft zu haben. Besonders die letzte Etappe wurde zum Z\u00fcnglein an der Waage. Durch einen beeindruckenden Schlussspurt von Lennox Raith auf den letzten Streckenkilometern konnte die Staffel noch auf den zweiten Platz vorrutschen. Mit einer Gesamtzeit von 05:35:31 h wurde so eine der besten Zeiten und die beste Platzierung der Traditionsstaffel erlaufen. Eins war allen Teilnehmern nach diesem sch\u00f6nen Erlebnis klar. Wir werden auch im kommenden Jahr wieder teilnehmen!<\/p>\n<p>OR<\/p>\n","protected":false},"excerpt":{"rendered":"<p>Mit Juliane G\u00f6llnitz, ihrem Vater Olaf G\u00f6llnitz, Martin Genkel, Roger Kerschke, Lennox Raith und dessen Vater Marcel bekamen Ausdauersportler der Laager Laufgruppe die M\u00f6glichkeit, am M\u00fcritz-Staffel-Lauf aktiv teilzunehmen. Damit konnte &hellip; <a href=\"https:\/\/laage-online.de\/?p=9345\" class=\"more-link\"><span class=\"screen-reader-text\">M\u00fcritz-Staffel-Lauf  &#8211; Neustart gegl\u00fcckt!<\/span> weiterlesen <span class=\"meta-nav\">&rarr;<\/span><\/a><\/p>\n","protected":false},"author":12,"featured_media":0,"comment_status":"closed","ping_status":"open","sticky":false,"template":"","format":"standard","meta":{"footnotes":""},"categories":[12,5,6],"tags":[],"class_list":["post-9345","post","type-post","status-publish","format-standard","hentry","category-bemerkenswertes","category-sport-und-gesundheit","category-vor-ort-und-region"],"_links":{"self":[{"href":"https:\/\/laage-online.de\/index.php?rest_route=\/wp\/v2\/posts\/9345","targetHints":{"allow":["GET"]}}],"collection":[{"href":"https:\/\/laage-online.de\/index.php?rest_route=\/wp\/v2\/posts"}],"about":[{"href":"https:\/\/laage-online.de\/index.php?rest_route=\/wp\/v2\/types\/post"}],"author":[{"embeddable":true,"href":"https:\/\/laage-online.de\/index.php?rest_route=\/wp\/v2\/users\/12"}],"replies":[{"embeddable":true,"href":"https:\/\/laage-online.de\/index.php?rest_route=%2Fwp%2Fv2%2Fcomments&post=9345"}],"version-history":[{"count":1,"href":"https:\/\/laage-online.de\/index.php?rest_route=\/wp\/v2\/posts\/9345\/revisions"}],"predecessor-version":[{"id":9347,"href":"https:\/\/laage-online.de\/index.php?rest_route=\/wp\/v2\/posts\/9345\/revisions\/9347"}],"wp:attachment":[{"href":"https:\/\/laage-online.de\/index.php?rest_route=%2Fwp%2Fv2%2Fmedia&parent=9345"}],"wp:term":[{"taxonomy":"category","embeddable":true,"href":"https:\/\/laage-online.de\/index.php?rest_route=%2Fwp%2Fv2%2Fcategories&post=9345"},{"taxonomy":"post_tag","embeddable":true,"href":"https:\/\/laage-online.de\/index.php?rest_route=%2Fwp%2Fv2%2Ftags&post=9345"}],"curies":[{"name":"wp","href":"https:\/\/api.w.org\/{rel}","templated":true}]}}