{"id":9624,"date":"2026-01-14T16:26:26","date_gmt":"2026-01-14T15:26:26","guid":{"rendered":"https:\/\/laage-online.de\/?p=9624"},"modified":"2026-01-14T16:26:26","modified_gmt":"2026-01-14T15:26:26","slug":"volksbund-dankt-laager-soldaten-und-reservisten","status":"publish","type":"post","link":"https:\/\/laage-online.de\/?p=9624","title":{"rendered":"Volksbund dankt Laager Soldaten und Reservisten"},"content":{"rendered":"<p>Der Bundeswehr-Beauftragte des Volksbundes f\u00fcr die Zusammenarbeit mit der Bundeswehr und den Reservisten in Bremen, Niedersachsen und Mecklenburg-Vorpommern, Oberstleutnant a. D. Rainer Grygiel ist selbstredend auch f\u00fcr die Vorbereitung und Organisation von Kriegsgr\u00e4berpflegeeins\u00e4tzen zust\u00e4ndig.<\/p>\n<p>In diesem Jahr waren 40 Soldaten aus Mecklenburg-Vorpommern freiwillig und hoch motiviert zu 4 Kriegsgr\u00e4berpflegeeins\u00e4tzen im Einsatz. Einen davon hat das Taktische Luftwaffengeschwader 73 \u201eSteinhoff\u201c aus Laage unter Leitung von Herrn Hauptfeldwebel Bernd Weichmann vom 07. bis 14. September 2025 mit insgesamt 10 Teilnehmern auf der deutschen Kriegsgr\u00e4berst\u00e4tte in Krakau \/ Polen mit gro\u00dfem Engagement erfolgreich durchgef\u00fchrt.<\/p>\n<figure id=\"attachment_9625\" aria-describedby=\"caption-attachment-9625\" style=\"width: 474px\" class=\"wp-caption aligncenter\"><a href=\"https:\/\/laage-online.de\/wp-content\/uploads\/2026\/01\/Ehrung-VB-26.jpg\"><img loading=\"lazy\" decoding=\"async\" class=\"size-large wp-image-9625\" src=\"https:\/\/laage-online.de\/wp-content\/uploads\/2026\/01\/Ehrung-VB-26-1024x768.jpg\" alt=\"\" width=\"474\" height=\"356\" srcset=\"https:\/\/laage-online.de\/wp-content\/uploads\/2026\/01\/Ehrung-VB-26-1024x768.jpg 1024w, https:\/\/laage-online.de\/wp-content\/uploads\/2026\/01\/Ehrung-VB-26-300x225.jpg 300w, https:\/\/laage-online.de\/wp-content\/uploads\/2026\/01\/Ehrung-VB-26-768x576.jpg 768w, https:\/\/laage-online.de\/wp-content\/uploads\/2026\/01\/Ehrung-VB-26-1536x1152.jpg 1536w, https:\/\/laage-online.de\/wp-content\/uploads\/2026\/01\/Ehrung-VB-26.jpg 1600w\" sizes=\"auto, (max-width: 474px) 100vw, 474px\" \/><\/a><figcaption id=\"caption-attachment-9625\" class=\"wp-caption-text\">Das Foto zeigt die Protagonisten der Ehrungsveranstaltung. Foto: Dirk Frontzek<\/figcaption><\/figure>\n<p>Nach den Arbeitseins\u00e4tzen werden Ehrungsveranstaltungen f\u00fcr die Teilnehmer organisiert. Grygiels Bestreben ist es immer, dass die Ehrung im \u00f6ffentlichen Raum stattfindet, weil es den Teilnehmern eine besondere Wertsch\u00e4tzung f\u00fcr ihren Einsatz vermittelt.<\/p>\n<p>Deshalb fand in den zur\u00fcckliegenden Tagen, im B\u00fcrgersaal des Laager Rathauses, eine w\u00fcrdige und unterhaltsame Ehrungsveranstaltung statt. Gru\u00dfworte durch die B\u00fcrgermeisterin der Stadt Laage, Christin Zimmermann, sowie Worte des Dankes vom Gesch\u00e4ftsf\u00fchrer Volksbund des Landesverbandes Mecklenburg-Vorpommern, Philipp Schinschke, und von Andr\u00e9 Stache, dem Vorsitzenden der Reservistenkameradschaft Fliegerhorst Laage sowie von Oberstleutnant a. D. Rainer Grygiel bildeten den \u00e4u\u00dferen Rahmen. Die \u00dcberreichung der Urkunden und Pr\u00e4sente f\u00fcr die Teilnehmer des Kriegsgr\u00e4berpflegeeinsatzes rundete die kurzweilige Veranstaltung perfekt ab.<\/p>\n<p>ast<\/p>\n","protected":false},"excerpt":{"rendered":"<p>Der Bundeswehr-Beauftragte des Volksbundes f\u00fcr die Zusammenarbeit mit der Bundeswehr und den Reservisten in Bremen, Niedersachsen und Mecklenburg-Vorpommern, Oberstleutnant a. D. Rainer Grygiel ist selbstredend auch f\u00fcr die Vorbereitung und &hellip; <a href=\"https:\/\/laage-online.de\/?p=9624\" class=\"more-link\"><span class=\"screen-reader-text\">Volksbund dankt Laager Soldaten und Reservisten<\/span> weiterlesen <span class=\"meta-nav\">&rarr;<\/span><\/a><\/p>\n","protected":false},"author":12,"featured_media":0,"comment_status":"closed","ping_status":"open","sticky":false,"template":"","format":"standard","meta":{"footnotes":""},"categories":[12,13,18,6],"tags":[],"class_list":["post-9624","post","type-post","status-publish","format-standard","hentry","category-bemerkenswertes","category-kirche","category-reservistenkameradschaft","category-vor-ort-und-region"],"_links":{"self":[{"href":"https:\/\/laage-online.de\/index.php?rest_route=\/wp\/v2\/posts\/9624","targetHints":{"allow":["GET"]}}],"collection":[{"href":"https:\/\/laage-online.de\/index.php?rest_route=\/wp\/v2\/posts"}],"about":[{"href":"https:\/\/laage-online.de\/index.php?rest_route=\/wp\/v2\/types\/post"}],"author":[{"embeddable":true,"href":"https:\/\/laage-online.de\/index.php?rest_route=\/wp\/v2\/users\/12"}],"replies":[{"embeddable":true,"href":"https:\/\/laage-online.de\/index.php?rest_route=%2Fwp%2Fv2%2Fcomments&post=9624"}],"version-history":[{"count":1,"href":"https:\/\/laage-online.de\/index.php?rest_route=\/wp\/v2\/posts\/9624\/revisions"}],"predecessor-version":[{"id":9626,"href":"https:\/\/laage-online.de\/index.php?rest_route=\/wp\/v2\/posts\/9624\/revisions\/9626"}],"wp:attachment":[{"href":"https:\/\/laage-online.de\/index.php?rest_route=%2Fwp%2Fv2%2Fmedia&parent=9624"}],"wp:term":[{"taxonomy":"category","embeddable":true,"href":"https:\/\/laage-online.de\/index.php?rest_route=%2Fwp%2Fv2%2Fcategories&post=9624"},{"taxonomy":"post_tag","embeddable":true,"href":"https:\/\/laage-online.de\/index.php?rest_route=%2Fwp%2Fv2%2Ftags&post=9624"}],"curies":[{"name":"wp","href":"https:\/\/api.w.org\/{rel}","templated":true}]}}